{"id":250641,"date":"2023-02-18T10:38:12","date_gmt":"2023-02-18T16:38:12","guid":{"rendered":"https:\/\/plazajuarez.mx\/?p=250641"},"modified":"2023-02-18T10:38:19","modified_gmt":"2023-02-18T16:38:19","slug":"chile-estima-que-el-25-de-los-incendios-de-2023-han-sido-intencionales","status":"publish","type":"post","link":"https:\/\/plazajuarez.mx\/historico\/chile-estima-que-el-25-de-los-incendios-de-2023-han-sido-intencionales\/","title":{"rendered":"Chile estima que el 25 % de los incendios de 2023 han sido intencionales"},"content":{"rendered":"\n<p>El Gobierno chileno inform\u00f3 este viernes que alrededor de un 25 % de los incendios registrados en lo que va de 2023 han sido intencionales, fen\u00f3menos que durante las \u00faltimas 2 semanas han cobrado la vida de 25 personas y calcinado m\u00e1s de 400.000 hect\u00e1reas a lo largo del pa\u00eds.<\/p>\n\n\n\n<p>\u201cEste a\u00f1o estamos alrededor de un 25 % de intencionalidad en los incendios que hemos visto\u201d, se\u00f1al\u00f3 la ministra del Interior, Carolina Toh\u00e1, comparando la cifra con los registros de 2022 donde se lleg\u00f3 a un 26 % de intencionalidad, un 30 % en 2021 y un 42 % en 2020.<\/p>\n\n\n\n<p>Los datos entregados por la jefa de Interior, seg\u00fan detall\u00f3, se basan en evaluaciones realizadas por la Corporaci\u00f3n Nacional Forestal (Conaf), que a la fecha ha investigado 600 siniestros en 2023.<\/p>\n\n\n\n<p>\u201cTenemos un total de 554 incendios se han atendido en este per\u00edodo, que han dado lugar a un da\u00f1o de 436 mil hect\u00e1reas. En el momento tenemos 233 incendios que est\u00e1n en curso, de los que 144 est\u00e1n controlados y 58 se encuentran en combate\u201d, agreg\u00f3 la secretaria de Estado.<\/p>\n\n\n\n<p>Durante las \u00faltimas 2 semanas, m\u00e1s de 7.000 personas han resultado damnificadas durante la emergencia, descrita como una de las peores cat\u00e1strofes sufridas por el pa\u00eds suramericano en materia de incendios forestales.<\/p>\n\n\n\n<p>Hasta este momento, m\u00e1s de 430.000 hect\u00e1reas han sido consumidas por las llamas, 200.000 de ellas registradas, en la regi\u00f3n del Biob\u00edo en la zona sur del pa\u00eds.<\/p>\n","protected":false},"excerpt":{"rendered":"<p>El Gobierno chileno inform\u00f3 este viernes que alrededor de un 25 % de los incendios registrados en lo que va de 2023 han sido intencionales, fen\u00f3menos que durante las \u00faltimas 2 semanas han cobrado la vida de 25 personas y calcinado m\u00e1s de 400.000 hect\u00e1reas a lo largo del pa\u00eds. \u201cEste a\u00f1o estamos alrededor de [&hellip;]<\/p>\n","protected":false},"author":80,"featured_media":250642,"comment_status":"closed","ping_status":"closed","sticky":false,"template":"","format":"standard","meta":{"footnotes":""},"categories":[31],"tags":[],"class_list":["post-250641","post","type-post","status-publish","format-standard","has-post-thumbnail","hentry","category-orbe"],"_links":{"self":[{"href":"https:\/\/plazajuarez.mx\/historico\/wp-json\/wp\/v2\/posts\/250641","targetHints":{"allow":["GET"]}}],"collection":[{"href":"https:\/\/plazajuarez.mx\/historico\/wp-json\/wp\/v2\/posts"}],"about":[{"href":"https:\/\/plazajuarez.mx\/historico\/wp-json\/wp\/v2\/types\/post"}],"author":[{"embeddable":true,"href":"https:\/\/plazajuarez.mx\/historico\/wp-json\/wp\/v2\/users\/80"}],"replies":[{"embeddable":true,"href":"https:\/\/plazajuarez.mx\/historico\/wp-json\/wp\/v2\/comments?post=250641"}],"version-history":[{"count":0,"href":"https:\/\/plazajuarez.mx\/historico\/wp-json\/wp\/v2\/posts\/250641\/revisions"}],"wp:featuredmedia":[{"embeddable":true,"href":"https:\/\/plazajuarez.mx\/historico\/wp-json\/wp\/v2\/media\/250642"}],"wp:attachment":[{"href":"https:\/\/plazajuarez.mx\/historico\/wp-json\/wp\/v2\/media?parent=250641"}],"wp:term":[{"taxonomy":"category","embeddable":true,"href":"https:\/\/plazajuarez.mx\/historico\/wp-json\/wp\/v2\/categories?post=250641"},{"taxonomy":"post_tag","embeddable":true,"href":"https:\/\/plazajuarez.mx\/historico\/wp-json\/wp\/v2\/tags?post=250641"}],"curies":[{"name":"wp","href":"https:\/\/api.w.org\/{rel}","templated":true}]}}