{"id":250638,"date":"2023-02-18T10:36:46","date_gmt":"2023-02-18T16:36:46","guid":{"rendered":"https:\/\/plazajuarez.mx\/?p=250638"},"modified":"2023-02-18T10:36:51","modified_gmt":"2023-02-18T16:36:51","slug":"el-congreso-de-peru-aprueba-acusar-al-expresidente-castillo-por-corrupcion","status":"publish","type":"post","link":"https:\/\/plazajuarez.mx\/historico\/el-congreso-de-peru-aprueba-acusar-al-expresidente-castillo-por-corrupcion\/","title":{"rendered":"El Congreso de Per\u00fa aprueba acusar al expresidente Castillo por corrupci\u00f3n"},"content":{"rendered":"\n<p>El Congreso de Per\u00fa aprob\u00f3 este viernes el informe final de una denuncia constitucional que recomienda a la Fiscal\u00eda acusar al expresidente Pedro Castillo (2021-2022) por presuntamente encabezar una organizaci\u00f3n criminal durante su Gobierno para obtener dinero a cambio de licitaciones fraudulentas de obras p\u00fablicas.<\/p>\n\n\n\n<p>Con 59 votos a favor, 23 en contra y 3 abstenciones, el hemiciclo dio luz verde al informe final de la denuncia presentada por la Fiscal\u00eda de la Naci\u00f3n (general) contra el exmandatario, quien cumple 18 meses de prisi\u00f3n preventiva tras su fallido autogolpe, por lo que, ahora, el Ministerio P\u00fablico deber\u00e1 presentar una acusaci\u00f3n formal ante el Poder Judicial.<\/p>\n\n\n\n<p>El documento recomienda acusar a Castillo por la presunta comisi\u00f3n de los delitos contra la tranquilidad p\u00fablica, en la modalidad de organizaci\u00f3n criminal agravada por su presunta condici\u00f3n de l\u00edder, y contra la administraci\u00f3n p\u00fablica, en la modalidad de tr\u00e1fico de influencias agravado, as\u00ed como presunto c\u00f3mplice del delito contra la administraci\u00f3n p\u00fablica en la modalidad de colusi\u00f3n.<\/p>\n\n\n\n<p>El expediente responde a presuntas irregularidades encontradas en las obras del Puente Tarata II, en el norte\u00f1o departamento de San Mart\u00edn, y en otros supuestos casos de corrupci\u00f3n relacionados con la empresa p\u00fablica Petroper\u00fa y el Ministerio de Vivienda.<\/p>\n\n\n\n<p>En otras dos votaciones, el pleno del Parlamento tambi\u00e9n aprob\u00f3 acusar por el mismo caso a los exministros de Transportes y Comunicaciones y de Vivienda, Construcci\u00f3n Civil y Saneamiento, Juan Silva y Geiner Alvarado, respectivamente, por la presunta comisi\u00f3n del delito contra la tranquilidad p\u00fablica en la modalidad de organizaci\u00f3n criminal.<\/p>\n\n\n\n<p>La Comisi\u00f3n Permanente del Congreso aprob\u00f3 el pasado 10 de febrero dicho informe, tras la denuncia constitucional presentada en noviembre pasado por la Fiscal de la Naci\u00f3n, Patricia Benavides, contra el exmandatario y sus exministros.<\/p>\n\n\n\n<p>CUATRO HORAS DE DEBATE<\/p>\n\n\n\n<p>Durante la exposici\u00f3n del expediente, el congresista Diego Baz\u00e1n, del partido derechista Avanza Pa\u00eds, destac\u00f3 los &#8220;elementos de convicci\u00f3n&#8221;, seg\u00fan dijo &#8220;muy reveladores&#8221;, entregados por el Ministerio P\u00fablico sobre la supuesta existencia de una organizaci\u00f3n criminal en el aparato estatal.<\/p>\n\n\n\n<p>Por su parte, la presidenta de la Subcomisi\u00f3n de Acusaciones Constitucionales, Lady Camones, resalt\u00f3 el respeto al debido proceso, as\u00ed como su &#8220;independencia, imparcialidad y legalidad&#8221;, y acus\u00f3 a Castillo y a su defensa de realizar acciones &#8220;dilatorias y obstruccionistas&#8221;.<\/p>\n\n\n\n<p>Durante su intervenci\u00f3n virtual, el abogado del expresidente, Eduardo Pachas, solicit\u00f3 sin \u00e9xito que Castillo pueda ejercer su derecho a la defensa de manera presencial ante el pleno y calific\u00f3 de &#8220;absurda&#8221; la acusaci\u00f3n, insistiendo en que el Congreso no observ\u00f3 los decretos cuestionados y dio la confianza a los gabinetes que tuvieron a los exministros imputados, por lo que pidi\u00f3 el archivo de la denuncia.<\/p>\n\n\n\n<p>Tras pedir que se archive la denuncia contra el exmandatario, fue el turno de la defensa de Silva, pero la participaci\u00f3n de su abogado fue rechazada por no haber sido acreditado con anticipaci\u00f3n, mientras que el exministro Alvarado envi\u00f3 un oficio al Parlamento en el que se allanaba a que se apruebe la acusaci\u00f3n constitucional para que la Fiscal\u00eda pueda continuar y formalizar la investigaci\u00f3n.<\/p>\n\n\n\n<p>Durante el debate, que se extendi\u00f3 por unas cuatro horas, tomaron la palabra decenas de los 130 congresistas que integran la c\u00e1mara peruana, que luc\u00eda pr\u00e1cticamente vac\u00eda.<\/p>\n\n\n\n<p>Castillo cumple una orden judicial de 18 meses de prisi\u00f3n preventiva dictada tras su intento fallido de golpe de Estado, que llev\u00f3 al Congreso a destituirlo el 7 de diciembre pasado por &#8220;permanente incapacidad moral&#8221; y designar en su reemplazo por sucesi\u00f3n constitucional a su vicepresidenta, Dina Boluarte.<\/p>\n","protected":false},"excerpt":{"rendered":"<p>El Congreso de Per\u00fa aprob\u00f3 este viernes el informe final de una denuncia constitucional que recomienda a la Fiscal\u00eda acusar al expresidente Pedro Castillo (2021-2022) por presuntamente encabezar una organizaci\u00f3n criminal durante su Gobierno para obtener dinero a cambio de licitaciones fraudulentas de obras p\u00fablicas. Con 59 votos a favor, 23 en contra y 3 [&hellip;]<\/p>\n","protected":false},"author":80,"featured_media":250639,"comment_status":"closed","ping_status":"closed","sticky":false,"template":"","format":"standard","meta":{"footnotes":""},"categories":[31],"tags":[],"class_list":["post-250638","post","type-post","status-publish","format-standard","has-post-thumbnail","hentry","category-orbe"],"_links":{"self":[{"href":"https:\/\/plazajuarez.mx\/historico\/wp-json\/wp\/v2\/posts\/250638","targetHints":{"allow":["GET"]}}],"collection":[{"href":"https:\/\/plazajuarez.mx\/historico\/wp-json\/wp\/v2\/posts"}],"about":[{"href":"https:\/\/plazajuarez.mx\/historico\/wp-json\/wp\/v2\/types\/post"}],"author":[{"embeddable":true,"href":"https:\/\/plazajuarez.mx\/historico\/wp-json\/wp\/v2\/users\/80"}],"replies":[{"embeddable":true,"href":"https:\/\/plazajuarez.mx\/historico\/wp-json\/wp\/v2\/comments?post=250638"}],"version-history":[{"count":0,"href":"https:\/\/plazajuarez.mx\/historico\/wp-json\/wp\/v2\/posts\/250638\/revisions"}],"wp:featuredmedia":[{"embeddable":true,"href":"https:\/\/plazajuarez.mx\/historico\/wp-json\/wp\/v2\/media\/250639"}],"wp:attachment":[{"href":"https:\/\/plazajuarez.mx\/historico\/wp-json\/wp\/v2\/media?parent=250638"}],"wp:term":[{"taxonomy":"category","embeddable":true,"href":"https:\/\/plazajuarez.mx\/historico\/wp-json\/wp\/v2\/categories?post=250638"},{"taxonomy":"post_tag","embeddable":true,"href":"https:\/\/plazajuarez.mx\/historico\/wp-json\/wp\/v2\/tags?post=250638"}],"curies":[{"name":"wp","href":"https:\/\/api.w.org\/{rel}","templated":true}]}}