{"id":250498,"date":"2023-02-16T22:40:50","date_gmt":"2023-02-17T04:40:50","guid":{"rendered":"https:\/\/plazajuarez.mx\/?p=250498"},"modified":"2023-02-16T22:40:57","modified_gmt":"2023-02-17T04:40:57","slug":"por-vender-pollo-barato-ahora-lo-quieren-fuera-de-ixmiquilpan","status":"publish","type":"post","link":"https:\/\/plazajuarez.mx\/historico\/por-vender-pollo-barato-ahora-lo-quieren-fuera-de-ixmiquilpan\/","title":{"rendered":"Por vender pollo barato, ahora lo quieren fuera de Ixmiquilpan"},"content":{"rendered":"\n<p><\/p>\n\n\n\n<p><strong>IXMIQUILPAN.<\/strong>&#8211; Comerciantes de pollo de Ixmiquilpan, sostuvieron una reuni\u00f3n con regidores de las comisiones conjuntas para pedir que el gobierno municipal obligue la salida definitiva del municipio a un locatario que ofrece producto m\u00e1s econ\u00f3mico.\u00a0<\/p>\n\n\n\n<p>Pidieron que el ayuntamiento realice las acciones necesarias para expulsar del municipio al comerciante que acusan de competencia desleal, debido a que ofrece un producto m\u00e1s econ\u00f3mico y no acata los precios que establece la uni\u00f3n de comerciantes.&nbsp;<\/p>\n\n\n\n<p>Tras la reuni\u00f3n acordaron que permitir\u00e1n que las dependencias nacionales y estatales, realicen una supervisi\u00f3n a los locales dedicados a este giro para que se analice la calidad del producto y de los precios.&nbsp;<\/p>\n\n\n\n<p>En d\u00edas pasados, los comerciantes lo agredieron en su local comercial ubicado en la colonia La Reforma. Este hecho se ha hecho viral a nivel nacional y en el municipio, ha recibido el apoyo de clientes y vecinos.<\/p>\n","protected":false},"excerpt":{"rendered":"<p>IXMIQUILPAN.&#8211; Comerciantes de pollo de Ixmiquilpan, sostuvieron una reuni\u00f3n con regidores de las comisiones conjuntas para pedir que el gobierno municipal obligue la salida definitiva del municipio a un locatario que ofrece producto m\u00e1s econ\u00f3mico.\u00a0 Pidieron que el ayuntamiento realice las acciones necesarias para expulsar del municipio al comerciante que acusan de competencia desleal, debido [&hellip;]<\/p>\n","protected":false},"author":75,"featured_media":250499,"comment_status":"closed","ping_status":"closed","sticky":false,"template":"","format":"standard","meta":{"footnotes":""},"categories":[2159,40],"tags":[],"class_list":["post-250498","post","type-post","status-publish","format-standard","has-post-thumbnail","hentry","category-noticias-de-hidalgo","category-region"],"_links":{"self":[{"href":"https:\/\/plazajuarez.mx\/historico\/wp-json\/wp\/v2\/posts\/250498","targetHints":{"allow":["GET"]}}],"collection":[{"href":"https:\/\/plazajuarez.mx\/historico\/wp-json\/wp\/v2\/posts"}],"about":[{"href":"https:\/\/plazajuarez.mx\/historico\/wp-json\/wp\/v2\/types\/post"}],"author":[{"embeddable":true,"href":"https:\/\/plazajuarez.mx\/historico\/wp-json\/wp\/v2\/users\/75"}],"replies":[{"embeddable":true,"href":"https:\/\/plazajuarez.mx\/historico\/wp-json\/wp\/v2\/comments?post=250498"}],"version-history":[{"count":0,"href":"https:\/\/plazajuarez.mx\/historico\/wp-json\/wp\/v2\/posts\/250498\/revisions"}],"wp:featuredmedia":[{"embeddable":true,"href":"https:\/\/plazajuarez.mx\/historico\/wp-json\/wp\/v2\/media\/250499"}],"wp:attachment":[{"href":"https:\/\/plazajuarez.mx\/historico\/wp-json\/wp\/v2\/media?parent=250498"}],"wp:term":[{"taxonomy":"category","embeddable":true,"href":"https:\/\/plazajuarez.mx\/historico\/wp-json\/wp\/v2\/categories?post=250498"},{"taxonomy":"post_tag","embeddable":true,"href":"https:\/\/plazajuarez.mx\/historico\/wp-json\/wp\/v2\/tags?post=250498"}],"curies":[{"name":"wp","href":"https:\/\/api.w.org\/{rel}","templated":true}]}}