{"id":250380,"date":"2023-02-16T09:20:16","date_gmt":"2023-02-16T15:20:16","guid":{"rendered":"https:\/\/plazajuarez.mx\/?p=250380"},"modified":"2023-02-16T09:20:22","modified_gmt":"2023-02-16T15:20:22","slug":"detienen-a-responsable-de-arrojar-gasolina-a-su-hermana-en-edomex","status":"publish","type":"post","link":"https:\/\/plazajuarez.mx\/historico\/detienen-a-responsable-de-arrojar-gasolina-a-su-hermana-en-edomex\/","title":{"rendered":"Detienen a responsable de arrojar\u00a0gasolina a su hermana en Edomex"},"content":{"rendered":"\n<p>Elementos de la Fiscal\u00eda General de Justicia del Estado de M\u00e9xico (FGJEM) cumplimentaron una orden de aprehensi\u00f3n en contra de un hombre que hace unos d\u00edas arroj\u00f3 gasolina a su hermana y le prendi\u00f3 fuego, ocasion\u00e1ndole quemaduras en el cuerpo.<\/p>\n\n\n\n<p>Jonathan &#8220;N&#8221;, fue detenido por su posible relaci\u00f3n en el delito de feminicidio en grado de tentativa.<\/p>\n\n\n\n<p>Los agentes de la Polic\u00eda de Investigaci\u00f3n (PDI) dieron cumplimiento al mandato judicial contra el implicado, quien de acuerdo con los datos de prueba recabados durante el desarrollo de la indagatoria, el pasado 4 de febrero presuntamente arroj\u00f3 combustible a una de sus hermanas y luego le prendi\u00f3 fuego.<\/p>\n\n\n\n<p>Por la agresi\u00f3n la joven de 21 a\u00f1os de edad sufri\u00f3 quemaduras de primero y segundo grado en el 60% de su cuerpo, por lo que fue trasladada en un helic\u00f3ptero del ayuntamiento de Ecatepec a un hospital para su atenci\u00f3n m\u00e9dica.<\/p>\n\n\n\n<p>La fiscal\u00eda mexiquense inici\u00f3 la investigaci\u00f3n respectiva para el esclarecimiento de los hechos ocurridos en la colonia San Isidro Atlautenco, del municipio de Ecatepec.<\/p>\n\n\n\n<p>Despu\u00e9s de recabar datos de prueba en contra de Jonathan &#8220;N&#8221; por el delito, el agente del Ministerio P\u00fablico solicit\u00f3 ante la un juez una orden de aprehensi\u00f3n en su contra, la cual fue concedida.<\/p>\n\n\n\n<p>El acusado fue remitido al Centro Penitenciario y de Reinserci\u00f3n Social de Ecatepec, donde un juez de Control determinar\u00e1 su situaci\u00f3n legal por su probable relaci\u00f3n en el feminicidio en grado de tentativa.<\/p>\n","protected":false},"excerpt":{"rendered":"<p>Elementos de la Fiscal\u00eda General de Justicia del Estado de M\u00e9xico (FGJEM) cumplimentaron una orden de aprehensi\u00f3n en contra de un hombre que hace unos d\u00edas arroj\u00f3 gasolina a su hermana y le prendi\u00f3 fuego, ocasion\u00e1ndole quemaduras en el cuerpo. Jonathan &#8220;N&#8221;, fue detenido por su posible relaci\u00f3n en el delito de feminicidio en grado [&hellip;]<\/p>\n","protected":false},"author":81,"featured_media":250386,"comment_status":"closed","ping_status":"closed","sticky":false,"template":"","format":"standard","meta":{"footnotes":""},"categories":[37],"tags":[],"class_list":["post-250380","post","type-post","status-publish","format-standard","has-post-thumbnail","hentry","category-barandilla"],"_links":{"self":[{"href":"https:\/\/plazajuarez.mx\/historico\/wp-json\/wp\/v2\/posts\/250380","targetHints":{"allow":["GET"]}}],"collection":[{"href":"https:\/\/plazajuarez.mx\/historico\/wp-json\/wp\/v2\/posts"}],"about":[{"href":"https:\/\/plazajuarez.mx\/historico\/wp-json\/wp\/v2\/types\/post"}],"author":[{"embeddable":true,"href":"https:\/\/plazajuarez.mx\/historico\/wp-json\/wp\/v2\/users\/81"}],"replies":[{"embeddable":true,"href":"https:\/\/plazajuarez.mx\/historico\/wp-json\/wp\/v2\/comments?post=250380"}],"version-history":[{"count":0,"href":"https:\/\/plazajuarez.mx\/historico\/wp-json\/wp\/v2\/posts\/250380\/revisions"}],"wp:featuredmedia":[{"embeddable":true,"href":"https:\/\/plazajuarez.mx\/historico\/wp-json\/wp\/v2\/media\/250386"}],"wp:attachment":[{"href":"https:\/\/plazajuarez.mx\/historico\/wp-json\/wp\/v2\/media?parent=250380"}],"wp:term":[{"taxonomy":"category","embeddable":true,"href":"https:\/\/plazajuarez.mx\/historico\/wp-json\/wp\/v2\/categories?post=250380"},{"taxonomy":"post_tag","embeddable":true,"href":"https:\/\/plazajuarez.mx\/historico\/wp-json\/wp\/v2\/tags?post=250380"}],"curies":[{"name":"wp","href":"https:\/\/api.w.org\/{rel}","templated":true}]}}