{"id":250379,"date":"2023-02-16T09:15:39","date_gmt":"2023-02-16T15:15:39","guid":{"rendered":"https:\/\/plazajuarez.mx\/?p=250379"},"modified":"2023-02-16T09:15:45","modified_gmt":"2023-02-16T15:15:45","slug":"vinculan-a-proceso-a-sacerdote-por-abuso-sexual-en-tlanchinol","status":"publish","type":"post","link":"https:\/\/plazajuarez.mx\/historico\/vinculan-a-proceso-a-sacerdote-por-abuso-sexual-en-tlanchinol\/","title":{"rendered":"Vinculan a proceso a\u00a0sacerdote por abuso\u00a0sexual en Tlanchinol"},"content":{"rendered":"\n<p>La Procuradur\u00eda General de Justicia del estado de Hidalgo, dio a conocer, que gracias a los datos de prueba que se presentaron a un juez, se logr\u00f3 la vinculaci\u00f3n a proceso de un sacerdote acusado de abuso sexual agravado, cometido en contra de una menor de edad, quien se desempa\u00f1aba como acolita en una parroquia del municipio de\u00a0Tlanchinol.<\/p>\n\n\n\n<p>La informaci\u00f3n que se tiene, relata que el sacerdote fue detenido en el municipio de Ac\u00e1mbaro, Guanajuato a donde hab\u00eda huido, luego de que fuera denunciado por la familia de la peque\u00f1a v\u00edctima.<\/p>\n\n\n\n<p>Luego de su detenci\u00f3n el ministro, fue trasladado al penal de La Lima ubicado en el municipio de Jaltoc\u00e1n, Hidalgo.<\/p>\n\n\n\n<p>Durante la audiencia inicial realizada ante la jueza de control, se determin\u00f3 que derivado de la investigaci\u00f3n que realiz\u00f3 la Fiscal\u00eda de Delitos Sexuales y en Contra de la Familia, se obtuvieron datos de prueba suficientes, para que la jueza dictara el auto de vinculaci\u00f3n a proceso.<\/p>\n\n\n\n<p>Tambi\u00e9n se determin\u00f3 como medida cautelar la prisi\u00f3n preventiva oficiosa y se estableci\u00f3 un plazo de tres meses, para el cierre de la investigaci\u00f3n complementaria.<\/p>\n\n\n\n<p>En este caso, la v\u00edctima acus\u00f3 que en dos ocasiones el sacerdote identificado como Juan Enrique &#8220;N&#8221;, le hizo tocamientos en diversas partes del cuerpo.<\/p>\n","protected":false},"excerpt":{"rendered":"<p>La Procuradur\u00eda General de Justicia del estado de Hidalgo, dio a conocer, que gracias a los datos de prueba que se presentaron a un juez, se logr\u00f3 la vinculaci\u00f3n a proceso de un sacerdote acusado de abuso sexual agravado, cometido en contra de una menor de edad, quien se desempa\u00f1aba como acolita en una parroquia [&hellip;]<\/p>\n","protected":false},"author":81,"featured_media":250389,"comment_status":"closed","ping_status":"closed","sticky":false,"template":"","format":"standard","meta":{"footnotes":""},"categories":[37],"tags":[],"class_list":["post-250379","post","type-post","status-publish","format-standard","has-post-thumbnail","hentry","category-barandilla"],"_links":{"self":[{"href":"https:\/\/plazajuarez.mx\/historico\/wp-json\/wp\/v2\/posts\/250379","targetHints":{"allow":["GET"]}}],"collection":[{"href":"https:\/\/plazajuarez.mx\/historico\/wp-json\/wp\/v2\/posts"}],"about":[{"href":"https:\/\/plazajuarez.mx\/historico\/wp-json\/wp\/v2\/types\/post"}],"author":[{"embeddable":true,"href":"https:\/\/plazajuarez.mx\/historico\/wp-json\/wp\/v2\/users\/81"}],"replies":[{"embeddable":true,"href":"https:\/\/plazajuarez.mx\/historico\/wp-json\/wp\/v2\/comments?post=250379"}],"version-history":[{"count":0,"href":"https:\/\/plazajuarez.mx\/historico\/wp-json\/wp\/v2\/posts\/250379\/revisions"}],"wp:featuredmedia":[{"embeddable":true,"href":"https:\/\/plazajuarez.mx\/historico\/wp-json\/wp\/v2\/media\/250389"}],"wp:attachment":[{"href":"https:\/\/plazajuarez.mx\/historico\/wp-json\/wp\/v2\/media?parent=250379"}],"wp:term":[{"taxonomy":"category","embeddable":true,"href":"https:\/\/plazajuarez.mx\/historico\/wp-json\/wp\/v2\/categories?post=250379"},{"taxonomy":"post_tag","embeddable":true,"href":"https:\/\/plazajuarez.mx\/historico\/wp-json\/wp\/v2\/tags?post=250379"}],"curies":[{"name":"wp","href":"https:\/\/api.w.org\/{rel}","templated":true}]}}