{"id":250373,"date":"2023-02-16T08:46:53","date_gmt":"2023-02-16T14:46:53","guid":{"rendered":"https:\/\/plazajuarez.mx\/?p=250373"},"modified":"2023-02-16T08:47:05","modified_gmt":"2023-02-16T14:47:05","slug":"dese-por-enterado-1083","status":"publish","type":"post","link":"https:\/\/plazajuarez.mx\/historico\/dese-por-enterado-1083\/","title":{"rendered":"DESE POR ENTERADO"},"content":{"rendered":"\n<p><strong>HABR\u00c1 GOBERNADORA EN 2028, PERO DE DOS A\u00d1OS<\/strong>. \u2013 A fin de empatar todas las elecciones en el estado de Hidalgo, en el 2028 llegar\u00e1 por primera vez una mujer a la primera magistratura estatal, pero su periodo constitucional ser\u00e1 de dos a\u00f1os \u00fanicamente, luego de que la Reforma Electoral, impulsada por el gobernador, Julio Menchaca, recibi\u00f3 luz verde por el n\u00famero de ayuntamientos necesarios para lograr ese fin. Tambi\u00e9n se reducir\u00e1 el mandato de los alcaldes de cuatro a tres a\u00f1os, con posibilidad de una reelecci\u00f3n.&nbsp;<\/p>\n\n\n\n<figure class=\"wp-block-image size-full\"><img loading=\"lazy\" decoding=\"async\" width=\"1280\" height=\"854\" src=\"https:\/\/plazajuarez.mx\/historico\/historico\/wp-content\/uploads\/2023\/02\/HABRA-GOBERNADORA-EN-2028-PERO-DE-DOS-ANOS-Cortesia.jpg\" alt=\"\" class=\"wp-image-250375\" srcset=\"https:\/\/plazajuarez.mx\/historico\/wp-content\/uploads\/2023\/02\/HABRA-GOBERNADORA-EN-2028-PERO-DE-DOS-ANOS-Cortesia.jpg 1280w, https:\/\/plazajuarez.mx\/historico\/wp-content\/uploads\/2023\/02\/HABRA-GOBERNADORA-EN-2028-PERO-DE-DOS-ANOS-Cortesia-768x512.jpg 768w, https:\/\/plazajuarez.mx\/historico\/wp-content\/uploads\/2023\/02\/HABRA-GOBERNADORA-EN-2028-PERO-DE-DOS-ANOS-Cortesia-274x183.jpg 274w, https:\/\/plazajuarez.mx\/historico\/wp-content\/uploads\/2023\/02\/HABRA-GOBERNADORA-EN-2028-PERO-DE-DOS-ANOS-Cortesia-80x54.jpg 80w, https:\/\/plazajuarez.mx\/historico\/wp-content\/uploads\/2023\/02\/HABRA-GOBERNADORA-EN-2028-PERO-DE-DOS-ANOS-Cortesia-130x87.jpg 130w, https:\/\/plazajuarez.mx\/historico\/wp-content\/uploads\/2023\/02\/HABRA-GOBERNADORA-EN-2028-PERO-DE-DOS-ANOS-Cortesia-359x240.jpg 359w, https:\/\/plazajuarez.mx\/historico\/wp-content\/uploads\/2023\/02\/HABRA-GOBERNADORA-EN-2028-PERO-DE-DOS-ANOS-Cortesia-85x57.jpg 85w, https:\/\/plazajuarez.mx\/historico\/wp-content\/uploads\/2023\/02\/HABRA-GOBERNADORA-EN-2028-PERO-DE-DOS-ANOS-Cortesia-546x365.jpg 546w, https:\/\/plazajuarez.mx\/historico\/wp-content\/uploads\/2023\/02\/HABRA-GOBERNADORA-EN-2028-PERO-DE-DOS-ANOS-Cortesia-165x109.jpg 165w, https:\/\/plazajuarez.mx\/historico\/wp-content\/uploads\/2023\/02\/HABRA-GOBERNADORA-EN-2028-PERO-DE-DOS-ANOS-Cortesia-347x233.jpg 347w, https:\/\/plazajuarez.mx\/historico\/wp-content\/uploads\/2023\/02\/HABRA-GOBERNADORA-EN-2028-PERO-DE-DOS-ANOS-Cortesia-112x75.jpg 112w, https:\/\/plazajuarez.mx\/historico\/wp-content\/uploads\/2023\/02\/HABRA-GOBERNADORA-EN-2028-PERO-DE-DOS-ANOS-Cortesia-179x120.jpg 179w, https:\/\/plazajuarez.mx\/historico\/wp-content\/uploads\/2023\/02\/HABRA-GOBERNADORA-EN-2028-PERO-DE-DOS-ANOS-Cortesia-170x113.jpg 170w, https:\/\/plazajuarez.mx\/historico\/wp-content\/uploads\/2023\/02\/HABRA-GOBERNADORA-EN-2028-PERO-DE-DOS-ANOS-Cortesia-81x55.jpg 81w, https:\/\/plazajuarez.mx\/historico\/wp-content\/uploads\/2023\/02\/HABRA-GOBERNADORA-EN-2028-PERO-DE-DOS-ANOS-Cortesia-765x510.jpg 765w\" sizes=\"auto, (max-width: 1280px) 100vw, 1280px\" \/><\/figure>\n\n\n\n<p><strong>AUTOPISTA M\u00c9XICO-PACHUCA, AMPLIACI\u00d3N<\/strong>. \u2013 Si usted ha viajado \u00faltimamente a la capital del pa\u00eds, se habr\u00e1 dado cuenta que apenas se deja territorio hidalguense, la autopista se ampl\u00eda a m\u00e1s carriles. Evidentemente de regreso es lo mismo, una vez que se pasa el nuevo Aeropuerto Internacional Felipe \u00c1ngeles. Y d\u00e9jeme decirle que sin duda es vital que la capital hidalguense sea conectada no solo por una carretera de ocho carriles, sino por un tren suburbano. Porque, le pido ponga atenci\u00f3n, aun con la entrada a la competencia de San Luis Potos\u00ed para intentar quedarse con la planta de Tesla, es claro que no hay quien le compita a Hidalgo por su cercan\u00eda, a tiro de piedra, del AIFA. As\u00ed de simple. As\u00ed que lo mejor es preparar el camino, y la ampliaci\u00f3n a ocho carriles de la autopista M\u00e9xico-Pachuca, es un primer paso.<\/p>\n\n\n\n<figure class=\"wp-block-image size-full\"><img loading=\"lazy\" decoding=\"async\" width=\"1068\" height=\"712\" src=\"https:\/\/plazajuarez.mx\/historico\/historico\/wp-content\/uploads\/2023\/02\/AUTOPISTA-MEXICO-PACHUCA-AMPLIACION-Cortesia.jpg\" alt=\"\" class=\"wp-image-250374\" srcset=\"https:\/\/plazajuarez.mx\/historico\/wp-content\/uploads\/2023\/02\/AUTOPISTA-MEXICO-PACHUCA-AMPLIACION-Cortesia.jpg 1068w, https:\/\/plazajuarez.mx\/historico\/wp-content\/uploads\/2023\/02\/AUTOPISTA-MEXICO-PACHUCA-AMPLIACION-Cortesia-768x512.jpg 768w, https:\/\/plazajuarez.mx\/historico\/wp-content\/uploads\/2023\/02\/AUTOPISTA-MEXICO-PACHUCA-AMPLIACION-Cortesia-274x183.jpg 274w, https:\/\/plazajuarez.mx\/historico\/wp-content\/uploads\/2023\/02\/AUTOPISTA-MEXICO-PACHUCA-AMPLIACION-Cortesia-80x54.jpg 80w, https:\/\/plazajuarez.mx\/historico\/wp-content\/uploads\/2023\/02\/AUTOPISTA-MEXICO-PACHUCA-AMPLIACION-Cortesia-130x87.jpg 130w, https:\/\/plazajuarez.mx\/historico\/wp-content\/uploads\/2023\/02\/AUTOPISTA-MEXICO-PACHUCA-AMPLIACION-Cortesia-359x240.jpg 359w, https:\/\/plazajuarez.mx\/historico\/wp-content\/uploads\/2023\/02\/AUTOPISTA-MEXICO-PACHUCA-AMPLIACION-Cortesia-85x57.jpg 85w, https:\/\/plazajuarez.mx\/historico\/wp-content\/uploads\/2023\/02\/AUTOPISTA-MEXICO-PACHUCA-AMPLIACION-Cortesia-546x365.jpg 546w, https:\/\/plazajuarez.mx\/historico\/wp-content\/uploads\/2023\/02\/AUTOPISTA-MEXICO-PACHUCA-AMPLIACION-Cortesia-165x109.jpg 165w, https:\/\/plazajuarez.mx\/historico\/wp-content\/uploads\/2023\/02\/AUTOPISTA-MEXICO-PACHUCA-AMPLIACION-Cortesia-112x75.jpg 112w, https:\/\/plazajuarez.mx\/historico\/wp-content\/uploads\/2023\/02\/AUTOPISTA-MEXICO-PACHUCA-AMPLIACION-Cortesia-179x120.jpg 179w, https:\/\/plazajuarez.mx\/historico\/wp-content\/uploads\/2023\/02\/AUTOPISTA-MEXICO-PACHUCA-AMPLIACION-Cortesia-170x113.jpg 170w, https:\/\/plazajuarez.mx\/historico\/wp-content\/uploads\/2023\/02\/AUTOPISTA-MEXICO-PACHUCA-AMPLIACION-Cortesia-81x55.jpg 81w, https:\/\/plazajuarez.mx\/historico\/wp-content\/uploads\/2023\/02\/AUTOPISTA-MEXICO-PACHUCA-AMPLIACION-Cortesia-765x510.jpg 765w\" sizes=\"auto, (max-width: 1068px) 100vw, 1068px\" \/><\/figure>\n\n\n\n<p><strong>MORENA Y SUS CANDIDATOS AL SENADO<\/strong>. \u2013 Es constante la versi\u00f3n de que el delegado del Bienestar, Abraham Mendoza Zenteno, ser\u00e1 el candidato de Morena al Senado de la Rep\u00fablica, pero no debe descartarse que el actual propietario de esa curul, Nabor Rojas, busque seguir en el cargo. De tal modo que nadie puede cantar victoria por adelantado, sobre todo porque ser\u00e1n los resultados los que avalen la nominaci\u00f3n. Y parece que el delegado no las trae todas consigo, sobre todo por verse inmiscuido en una buena cantidad de acciones poco amigables hacia el gobernador de su partido.<\/p>\n\n\n\n<figure class=\"wp-block-image size-full\"><img loading=\"lazy\" decoding=\"async\" width=\"2560\" height=\"1707\" src=\"https:\/\/plazajuarez.mx\/historico\/historico\/wp-content\/uploads\/2023\/02\/MORENA-Y-SUS-CANDIDATOS-AL-SENADO.-Archivo-scaled.jpg\" alt=\"\" class=\"wp-image-250376\" srcset=\"https:\/\/plazajuarez.mx\/historico\/wp-content\/uploads\/2023\/02\/MORENA-Y-SUS-CANDIDATOS-AL-SENADO.-Archivo-scaled.jpg 2560w, https:\/\/plazajuarez.mx\/historico\/wp-content\/uploads\/2023\/02\/MORENA-Y-SUS-CANDIDATOS-AL-SENADO.-Archivo-768x512.jpg 768w, https:\/\/plazajuarez.mx\/historico\/wp-content\/uploads\/2023\/02\/MORENA-Y-SUS-CANDIDATOS-AL-SENADO.-Archivo-1536x1024.jpg 1536w, https:\/\/plazajuarez.mx\/historico\/wp-content\/uploads\/2023\/02\/MORENA-Y-SUS-CANDIDATOS-AL-SENADO.-Archivo-2048x1365.jpg 2048w, https:\/\/plazajuarez.mx\/historico\/wp-content\/uploads\/2023\/02\/MORENA-Y-SUS-CANDIDATOS-AL-SENADO.-Archivo-274x183.jpg 274w, https:\/\/plazajuarez.mx\/historico\/wp-content\/uploads\/2023\/02\/MORENA-Y-SUS-CANDIDATOS-AL-SENADO.-Archivo-80x54.jpg 80w, https:\/\/plazajuarez.mx\/historico\/wp-content\/uploads\/2023\/02\/MORENA-Y-SUS-CANDIDATOS-AL-SENADO.-Archivo-130x87.jpg 130w, https:\/\/plazajuarez.mx\/historico\/wp-content\/uploads\/2023\/02\/MORENA-Y-SUS-CANDIDATOS-AL-SENADO.-Archivo-359x240.jpg 359w, https:\/\/plazajuarez.mx\/historico\/wp-content\/uploads\/2023\/02\/MORENA-Y-SUS-CANDIDATOS-AL-SENADO.-Archivo-85x57.jpg 85w, https:\/\/plazajuarez.mx\/historico\/wp-content\/uploads\/2023\/02\/MORENA-Y-SUS-CANDIDATOS-AL-SENADO.-Archivo-546x365.jpg 546w, https:\/\/plazajuarez.mx\/historico\/wp-content\/uploads\/2023\/02\/MORENA-Y-SUS-CANDIDATOS-AL-SENADO.-Archivo-165x109.jpg 165w, https:\/\/plazajuarez.mx\/historico\/wp-content\/uploads\/2023\/02\/MORENA-Y-SUS-CANDIDATOS-AL-SENADO.-Archivo-112x75.jpg 112w, https:\/\/plazajuarez.mx\/historico\/wp-content\/uploads\/2023\/02\/MORENA-Y-SUS-CANDIDATOS-AL-SENADO.-Archivo-179x120.jpg 179w, https:\/\/plazajuarez.mx\/historico\/wp-content\/uploads\/2023\/02\/MORENA-Y-SUS-CANDIDATOS-AL-SENADO.-Archivo-170x113.jpg 170w, https:\/\/plazajuarez.mx\/historico\/wp-content\/uploads\/2023\/02\/MORENA-Y-SUS-CANDIDATOS-AL-SENADO.-Archivo-81x55.jpg 81w, https:\/\/plazajuarez.mx\/historico\/wp-content\/uploads\/2023\/02\/MORENA-Y-SUS-CANDIDATOS-AL-SENADO.-Archivo-765x510.jpg 765w\" sizes=\"auto, (max-width: 2560px) 100vw, 2560px\" \/><\/figure>\n\n\n\n<p><strong>NADA SE SABE DE JOS\u00c9 ANTONIO, NI DE JORGE ROJO<\/strong>. \u2013 Personajes importantes de la pol\u00edtica hidalguense, relegados en la campa\u00f1a de la ex candidata al gobierno de la entidad, los hermanos Jos\u00e9 Antonio y Jorge Rojo Garc\u00eda de Alba, no han reaparecido en el escenario, y es probable que ya no lo hagan. Pri\u00edstas de hueso colorado, de tradici\u00f3n, tal parece que han decidido simplemente guardar silencio, no se sabe si para condenar lo que pasa, o, todo lo contrario. Se antoja que es lo primero. Sin embargo, no debemos descartar su reaparici\u00f3n en cualquier momento.<\/p>\n\n\n\n<figure class=\"wp-block-image size-full\"><img loading=\"lazy\" decoding=\"async\" width=\"1772\" height=\"1772\" src=\"https:\/\/plazajuarez.mx\/historico\/historico\/wp-content\/uploads\/2023\/02\/NADA-SE-SABE-DE-JOSE-ANTONIO-NI-JORGE-ROJO-Cortesia.jpg\" alt=\"\" class=\"wp-image-250377\" srcset=\"https:\/\/plazajuarez.mx\/historico\/wp-content\/uploads\/2023\/02\/NADA-SE-SABE-DE-JOSE-ANTONIO-NI-JORGE-ROJO-Cortesia.jpg 1772w, https:\/\/plazajuarez.mx\/historico\/wp-content\/uploads\/2023\/02\/NADA-SE-SABE-DE-JOSE-ANTONIO-NI-JORGE-ROJO-Cortesia-768x768.jpg 768w, https:\/\/plazajuarez.mx\/historico\/wp-content\/uploads\/2023\/02\/NADA-SE-SABE-DE-JOSE-ANTONIO-NI-JORGE-ROJO-Cortesia-1536x1536.jpg 1536w, https:\/\/plazajuarez.mx\/historico\/wp-content\/uploads\/2023\/02\/NADA-SE-SABE-DE-JOSE-ANTONIO-NI-JORGE-ROJO-Cortesia-36x36.jpg 36w\" sizes=\"auto, (max-width: 1772px) 100vw, 1772px\" \/><\/figure>\n\n\n\n<p><strong>Aviso para que no digan: Esta columna se nutre de comentarios recabados por agencias del Recontra-Espionaje, muy similares a las que populariz\u00f3 el \u201cS\u00faper Agente 86\u201d en sus tiempos. Como tal lo que publicamos puede que sea cierto, puede que no, o todo lo contrario. Est\u00e1 usted en libertad de creer o no lo que lee, recontra-enojarse, recontra- carcajearse y hasta recontra-recordarnos a nuestra jefecita (nosotros recontra-haremos lo propio). Avisado est\u00e1 usted.&nbsp;<\/strong><\/p>\n\n\n\n<p><strong>desexenterado@gmail.com @desexenterado&nbsp;<\/strong><\/p>\n","protected":false},"excerpt":{"rendered":"<p>HABR\u00c1 GOBERNADORA EN 2028, PERO DE DOS A\u00d1OS. \u2013 A fin de empatar todas las elecciones en el estado de Hidalgo, en el 2028 llegar\u00e1 por primera vez una mujer a la primera magistratura estatal, pero su periodo constitucional ser\u00e1 de dos a\u00f1os \u00fanicamente, luego de que la Reforma Electoral, impulsada por el gobernador, Julio [&hellip;]<\/p>\n","protected":false},"author":93,"featured_media":234681,"comment_status":"closed","ping_status":"closed","sticky":false,"template":"","format":"standard","meta":{"footnotes":""},"categories":[83],"tags":[],"class_list":["post-250373","post","type-post","status-publish","format-standard","has-post-thumbnail","hentry","category-dese-por-enterado"],"_links":{"self":[{"href":"https:\/\/plazajuarez.mx\/historico\/wp-json\/wp\/v2\/posts\/250373","targetHints":{"allow":["GET"]}}],"collection":[{"href":"https:\/\/plazajuarez.mx\/historico\/wp-json\/wp\/v2\/posts"}],"about":[{"href":"https:\/\/plazajuarez.mx\/historico\/wp-json\/wp\/v2\/types\/post"}],"author":[{"embeddable":true,"href":"https:\/\/plazajuarez.mx\/historico\/wp-json\/wp\/v2\/users\/93"}],"replies":[{"embeddable":true,"href":"https:\/\/plazajuarez.mx\/historico\/wp-json\/wp\/v2\/comments?post=250373"}],"version-history":[{"count":0,"href":"https:\/\/plazajuarez.mx\/historico\/wp-json\/wp\/v2\/posts\/250373\/revisions"}],"wp:featuredmedia":[{"embeddable":true,"href":"https:\/\/plazajuarez.mx\/historico\/wp-json\/wp\/v2\/media\/234681"}],"wp:attachment":[{"href":"https:\/\/plazajuarez.mx\/historico\/wp-json\/wp\/v2\/media?parent=250373"}],"wp:term":[{"taxonomy":"category","embeddable":true,"href":"https:\/\/plazajuarez.mx\/historico\/wp-json\/wp\/v2\/categories?post=250373"},{"taxonomy":"post_tag","embeddable":true,"href":"https:\/\/plazajuarez.mx\/historico\/wp-json\/wp\/v2\/tags?post=250373"}],"curies":[{"name":"wp","href":"https:\/\/api.w.org\/{rel}","templated":true}]}}