{"id":250372,"date":"2023-02-16T09:13:29","date_gmt":"2023-02-16T15:13:29","guid":{"rendered":"https:\/\/plazajuarez.mx\/?p=250372"},"modified":"2023-02-16T09:13:29","modified_gmt":"2023-02-16T15:13:29","slug":"capturan-a-reo-que-se-fugo-en-tula","status":"publish","type":"post","link":"https:\/\/plazajuarez.mx\/historico\/capturan-a-reo-que-se-fugo-en-tula\/","title":{"rendered":"Capturan a reo que se fug\u00f3 en Tula"},"content":{"rendered":"\n<p>A trav\u00e9s de un comunicado, la Secretar\u00eda de Seguridad P\u00fablica del Estado de Hidalgo inform\u00f3 que alrededor de las seis horas de hoy, fue ubicado y detenido J.M.O., reo que se fug\u00f3 el Centro de Readaptaci\u00f3n Social (Cereso) de Tula el pasado 14 de febrero.<\/p>\n\n\n\n<p>La ficha informativa menciona: &#8220;fue mediante trabajos de inteligencia operativa que se logr\u00f3 la reaprehensi\u00f3n, en un domicilio ubicado en la Colonia San Cayetano de Pachuca de Soto&#8221;, por lo que tras la detenci\u00f3n fue trasladado e ingresado al Cereso de Pachuca alrededor de las siete horas con 22 minutos.<\/p>\n\n\n\n<p>&#8220;Estas acciones contundentes refrendan los trabajos en materia de seguridad del Gobierno de Hidalgo&#8221;, concluye el comunicado; cabe destacar que el pasado 14 de febrero el reo sali\u00f3 en plena luz del d\u00eda, a pie y en la puerta del CERESO abord\u00f3 el transporte p\u00fablico sin que las autoridades se percataran de ello.<\/p>\n","protected":false},"excerpt":{"rendered":"<p>A trav\u00e9s de un comunicado, la Secretar\u00eda de Seguridad P\u00fablica del Estado de Hidalgo inform\u00f3 que alrededor de las seis horas de hoy, fue ubicado y detenido J.M.O., reo que se fug\u00f3 el Centro de Readaptaci\u00f3n Social (Cereso) de Tula el pasado 14 de febrero. La ficha informativa menciona: &#8220;fue mediante trabajos de inteligencia operativa [&hellip;]<\/p>\n","protected":false},"author":93,"featured_media":250384,"comment_status":"closed","ping_status":"","sticky":false,"template":"","format":"standard","meta":{"footnotes":""},"categories":[37,15,59],"tags":[],"class_list":["post-250372","post","type-post","status-publish","format-standard","has-post-thumbnail","hentry","category-barandilla","category-destacadas","category-general"],"_links":{"self":[{"href":"https:\/\/plazajuarez.mx\/historico\/wp-json\/wp\/v2\/posts\/250372","targetHints":{"allow":["GET"]}}],"collection":[{"href":"https:\/\/plazajuarez.mx\/historico\/wp-json\/wp\/v2\/posts"}],"about":[{"href":"https:\/\/plazajuarez.mx\/historico\/wp-json\/wp\/v2\/types\/post"}],"author":[{"embeddable":true,"href":"https:\/\/plazajuarez.mx\/historico\/wp-json\/wp\/v2\/users\/93"}],"replies":[{"embeddable":true,"href":"https:\/\/plazajuarez.mx\/historico\/wp-json\/wp\/v2\/comments?post=250372"}],"version-history":[{"count":0,"href":"https:\/\/plazajuarez.mx\/historico\/wp-json\/wp\/v2\/posts\/250372\/revisions"}],"wp:featuredmedia":[{"embeddable":true,"href":"https:\/\/plazajuarez.mx\/historico\/wp-json\/wp\/v2\/media\/250384"}],"wp:attachment":[{"href":"https:\/\/plazajuarez.mx\/historico\/wp-json\/wp\/v2\/media?parent=250372"}],"wp:term":[{"taxonomy":"category","embeddable":true,"href":"https:\/\/plazajuarez.mx\/historico\/wp-json\/wp\/v2\/categories?post=250372"},{"taxonomy":"post_tag","embeddable":true,"href":"https:\/\/plazajuarez.mx\/historico\/wp-json\/wp\/v2\/tags?post=250372"}],"curies":[{"name":"wp","href":"https:\/\/api.w.org\/{rel}","templated":true}]}}