{"id":250359,"date":"2023-02-15T19:45:16","date_gmt":"2023-02-16T01:45:16","guid":{"rendered":"https:\/\/plazajuarez.mx\/?p=250359"},"modified":"2023-02-15T19:45:24","modified_gmt":"2023-02-16T01:45:24","slug":"aprueban-en-tulancingo-la-reforma-electoral-para-el-estado-de-hidalgo","status":"publish","type":"post","link":"https:\/\/plazajuarez.mx\/historico\/aprueban-en-tulancingo-la-reforma-electoral-para-el-estado-de-hidalgo\/","title":{"rendered":"Aprueban en Tulancingo la reforma electoral para el estado de Hidalgo"},"content":{"rendered":"\n<p><\/p>\n\n\n\n<p><strong> TULANCINGO<\/strong>.- En el Ayuntamiento de Tulancingo se aprob\u00f3 por unanimidad la iniciativa de Reforma Electoral para el Estado de Hidalgo en la que se propone, entre otras cosas, la reducci\u00f3n a tres a\u00f1os del periodo de ayuntamientos, con la posibilidad de reelecci\u00f3n por un periodo m\u00e1s y la reducci\u00f3n de la pr\u00f3xima gubernatura a dos a\u00f1os, por \u00fanica ocasi\u00f3n y con la finalidad de que se empaten las elecciones federales y estatales.<\/p>\n\n\n\n<p>As\u00ed lo inform\u00f3 el alcalde Jorge M\u00e1rquez Alvarado, quien detall\u00f3 que, en la sesi\u00f3n de asamblea del 30 de enero del presente a\u00f1o, se discuti\u00f3 y se vot\u00f3 a favor de la iniciativa que el Congreso de Hidalgo aprob\u00f3 el pasado 22 de diciembre y que ahora debe ser avalada por la mayor\u00eda de los ayuntamientos de la entidad.<\/p>\n\n\n\n<p>\u201cSe vot\u00f3 el 30 de enero y se vot\u00f3 favorablemente, porque si ya es una decisi\u00f3n que el cuerpo colegiado encargado de hacer ese an\u00e1lisis; un an\u00e1lisis profundo, responsable y serio de una propuesta de un gobernador que es jurista, pues seguramente ya estaban contemplados todos los porqu\u00e9s\u201d, se\u00f1al\u00f3.<\/p>\n\n\n\n<p>Respecto al llamado del presidente del Comit\u00e9 Ejecutivo Nacional (CEN) del Partido Revolucionario Institucional (PRI), Alejandro Moreno, a los ayuntamientos priistas para no aprobar esta iniciativa, ante el argumento de que atenta contra la equidad de g\u00e9nero, el edil dijo que seguramente es una cr\u00edtica v\u00e1lida, pero lleg\u00f3 muy tarde porque ya se hab\u00eda aprobado la propuesta.<\/p>\n\n\n\n<p>La semana pasada, el mandatario estatal Julio Menchaca Salazar declar\u00f3 que tiene el respaldo de m\u00e1s de 43 ayuntamientos de la entidad, por lo que ya contar\u00eda con lo necesario para que se publique en el Peri\u00f3dico Oficial del Estado de Hidalgo.<\/p>\n","protected":false},"excerpt":{"rendered":"<p>TULANCINGO.- En el Ayuntamiento de Tulancingo se aprob\u00f3 por unanimidad la iniciativa de Reforma Electoral para el Estado de Hidalgo en la que se propone, entre otras cosas, la reducci\u00f3n a tres a\u00f1os del periodo de ayuntamientos, con la posibilidad de reelecci\u00f3n por un periodo m\u00e1s y la reducci\u00f3n de la pr\u00f3xima gubernatura a dos [&hellip;]<\/p>\n","protected":false},"author":70,"featured_media":250360,"comment_status":"closed","ping_status":"closed","sticky":false,"template":"","format":"standard","meta":{"footnotes":""},"categories":[2159,40],"tags":[],"class_list":["post-250359","post","type-post","status-publish","format-standard","has-post-thumbnail","hentry","category-noticias-de-hidalgo","category-region"],"_links":{"self":[{"href":"https:\/\/plazajuarez.mx\/historico\/wp-json\/wp\/v2\/posts\/250359","targetHints":{"allow":["GET"]}}],"collection":[{"href":"https:\/\/plazajuarez.mx\/historico\/wp-json\/wp\/v2\/posts"}],"about":[{"href":"https:\/\/plazajuarez.mx\/historico\/wp-json\/wp\/v2\/types\/post"}],"author":[{"embeddable":true,"href":"https:\/\/plazajuarez.mx\/historico\/wp-json\/wp\/v2\/users\/70"}],"replies":[{"embeddable":true,"href":"https:\/\/plazajuarez.mx\/historico\/wp-json\/wp\/v2\/comments?post=250359"}],"version-history":[{"count":0,"href":"https:\/\/plazajuarez.mx\/historico\/wp-json\/wp\/v2\/posts\/250359\/revisions"}],"wp:featuredmedia":[{"embeddable":true,"href":"https:\/\/plazajuarez.mx\/historico\/wp-json\/wp\/v2\/media\/250360"}],"wp:attachment":[{"href":"https:\/\/plazajuarez.mx\/historico\/wp-json\/wp\/v2\/media?parent=250359"}],"wp:term":[{"taxonomy":"category","embeddable":true,"href":"https:\/\/plazajuarez.mx\/historico\/wp-json\/wp\/v2\/categories?post=250359"},{"taxonomy":"post_tag","embeddable":true,"href":"https:\/\/plazajuarez.mx\/historico\/wp-json\/wp\/v2\/tags?post=250359"}],"curies":[{"name":"wp","href":"https:\/\/api.w.org\/{rel}","templated":true}]}}