{"id":250355,"date":"2023-02-15T19:44:15","date_gmt":"2023-02-16T01:44:15","guid":{"rendered":"https:\/\/plazajuarez.mx\/?p=250355"},"modified":"2023-02-15T19:44:22","modified_gmt":"2023-02-16T01:44:22","slug":"57-parejas-unieron-sus-vidas-en-santiago-tulantepec","status":"publish","type":"post","link":"https:\/\/plazajuarez.mx\/historico\/57-parejas-unieron-sus-vidas-en-santiago-tulantepec\/","title":{"rendered":"57 parejas unieron sus vidas en Santiago Tulantepec"},"content":{"rendered":"\n<p><\/p>\n\n\n\n<p><strong>TULANCINGO<\/strong>.- Un total de 57 parejas unieron sus vidas legalmente durante la ceremonia de bodas colectivas encabezada por Dante Cardenas Flores, presidente municipal de Santiago Tulantepec; y Carmen Gonz\u00e1lez Valladolid, presidenta de la Junta Municipal para el Desarrollo Integral de la Familia, el pasado 14 de febrero.<\/p>\n\n\n\n<p>La celebraci\u00f3n se dio en el marco del D\u00eda del Amor y la Amistad, mediante el programa impulsado por la actual administraci\u00f3n municipal, a trav\u00e9s de la Junta Municipal para el Desarrollo Integral de la Familia, y la Direcci\u00f3n del Registro del Estado Familiar.<\/p>\n\n\n\n<p>En dicha ceremonia, el titular del ejecutivo municipal, felicit\u00f3 a las parejas por decidir ser parte de este acto masivo, en el cual, unieron sus vidas ante la sociedad.&nbsp;<\/p>\n\n\n\n<p>Se realiz\u00f3 la lectura del acta con la cual las parejas sellaron su compromiso, para continuar con la entrega simb\u00f3lica de las actas de matrimonio, una rifa de un viaje a Canc\u00fan, la entrega de obsequios a todas las parejas, adem\u00e1s de disfrutar de un grupo musical que ameniz\u00f3 este acto tan emotivo, a la par de concluir este evento con el tradicional brindis, para celebrar su uni\u00f3n ante la sociedad.<\/p>\n\n\n\n<p>Las y los contrayentes se mostraron contentos, y agradecieron el apoyo del municipio para poder contraer nupcias, destacando que los obsequios y la gratuidad del tr\u00e1mite, fueron claves en la decisi\u00f3n de ser parte de los matrimonios colectivos.&nbsp;<\/p>\n\n\n\n<p>Finalmente, se destac\u00f3 que fue superada la cifra de 38 matrimonios realizados de forma colectiva en el a\u00f1o 2022, adem\u00e1s que este tipo de eventos recuerdan la importancia de la familia, la amistad, los valores y los lazos de amor que son pilares en nuestra sociedad.<\/p>\n","protected":false},"excerpt":{"rendered":"<p>TULANCINGO.- Un total de 57 parejas unieron sus vidas legalmente durante la ceremonia de bodas colectivas encabezada por Dante Cardenas Flores, presidente municipal de Santiago Tulantepec; y Carmen Gonz\u00e1lez Valladolid, presidenta de la Junta Municipal para el Desarrollo Integral de la Familia, el pasado 14 de febrero. La celebraci\u00f3n se dio en el marco del [&hellip;]<\/p>\n","protected":false},"author":70,"featured_media":250356,"comment_status":"closed","ping_status":"closed","sticky":false,"template":"","format":"standard","meta":{"footnotes":""},"categories":[40],"tags":[],"class_list":["post-250355","post","type-post","status-publish","format-standard","has-post-thumbnail","hentry","category-region"],"_links":{"self":[{"href":"https:\/\/plazajuarez.mx\/historico\/wp-json\/wp\/v2\/posts\/250355","targetHints":{"allow":["GET"]}}],"collection":[{"href":"https:\/\/plazajuarez.mx\/historico\/wp-json\/wp\/v2\/posts"}],"about":[{"href":"https:\/\/plazajuarez.mx\/historico\/wp-json\/wp\/v2\/types\/post"}],"author":[{"embeddable":true,"href":"https:\/\/plazajuarez.mx\/historico\/wp-json\/wp\/v2\/users\/70"}],"replies":[{"embeddable":true,"href":"https:\/\/plazajuarez.mx\/historico\/wp-json\/wp\/v2\/comments?post=250355"}],"version-history":[{"count":0,"href":"https:\/\/plazajuarez.mx\/historico\/wp-json\/wp\/v2\/posts\/250355\/revisions"}],"wp:featuredmedia":[{"embeddable":true,"href":"https:\/\/plazajuarez.mx\/historico\/wp-json\/wp\/v2\/media\/250356"}],"wp:attachment":[{"href":"https:\/\/plazajuarez.mx\/historico\/wp-json\/wp\/v2\/media?parent=250355"}],"wp:term":[{"taxonomy":"category","embeddable":true,"href":"https:\/\/plazajuarez.mx\/historico\/wp-json\/wp\/v2\/categories?post=250355"},{"taxonomy":"post_tag","embeddable":true,"href":"https:\/\/plazajuarez.mx\/historico\/wp-json\/wp\/v2\/tags?post=250355"}],"curies":[{"name":"wp","href":"https:\/\/api.w.org\/{rel}","templated":true}]}}