{"id":250340,"date":"2023-02-15T19:39:55","date_gmt":"2023-02-16T01:39:55","guid":{"rendered":"https:\/\/plazajuarez.mx\/?p=250340"},"modified":"2023-02-15T19:40:00","modified_gmt":"2023-02-16T01:40:00","slug":"regidor-ofrecera-conferencia-por-anomalias-en-ayuntamiento","status":"publish","type":"post","link":"https:\/\/plazajuarez.mx\/historico\/regidor-ofrecera-conferencia-por-anomalias-en-ayuntamiento\/","title":{"rendered":"Regidor ofrecer\u00e1 conferencia por anomal\u00edas en ayuntamiento\u00a0"},"content":{"rendered":"\n<p><strong>IXMIQUILPAN.<\/strong>&#8211; Este jueves, el regidor, Margarito Charrez, ofrecer\u00e1 en Ixmiquilpan una conferencia de prensa, donde hablar\u00e1 sobre diversos problemas en el municipio, luego de su llegada al cargo en sustituci\u00f3n de Edmundo Ram\u00edrez Mart\u00ednez.<\/p>\n\n\n\n<p>Seg\u00fan se ha adelantado, uno de los temas primordiales que ser\u00e1n abordados en este encuentro con la prensa, es el relacionado con la crisis vial que se vive en la ciudad desde que comenz\u00f3 este a\u00f1o, cuando arrancaron varias obras en la zona urbana.&nbsp;<\/p>\n\n\n\n<p>De acuerdo a la informaci\u00f3n preliminar, se solicitar\u00e1 al gobierno municipal, que se agilicen los trabajos que se tienen en diversos puntos de la ciudad y que han tomado varias semanas sin que se avancen con la agilidad necesarias.&nbsp;<\/p>\n\n\n\n<p>Otro de los temas dentro de la agenda, es la distribuci\u00f3n de los recursos para el ejercicio de este a\u00f1o, donde se pedir\u00e1 que obras p\u00fablicas del municipio, informe detalladamente cu\u00e1les fueron los criterios para la asignaci\u00f3n del presupuesto y en espec\u00edfico, qu\u00e9 obras son las que tendr\u00e1n financiamiento este a\u00f1o.<\/p>\n\n\n\n<p>El regidor asumi\u00f3 el cargo y tom\u00f3 protesta a finales del a\u00f1o pasado, luego de que el regidor del PAN, Edmundo Ram\u00edrez, solicit\u00f3 licencia para incorporarse al gabinete del gobierno del estado.<\/p>\n","protected":false},"excerpt":{"rendered":"<p>IXMIQUILPAN.&#8211; Este jueves, el regidor, Margarito Charrez, ofrecer\u00e1 en Ixmiquilpan una conferencia de prensa, donde hablar\u00e1 sobre diversos problemas en el municipio, luego de su llegada al cargo en sustituci\u00f3n de Edmundo Ram\u00edrez Mart\u00ednez. Seg\u00fan se ha adelantado, uno de los temas primordiales que ser\u00e1n abordados en este encuentro con la prensa, es el relacionado [&hellip;]<\/p>\n","protected":false},"author":75,"featured_media":250341,"comment_status":"closed","ping_status":"closed","sticky":false,"template":"","format":"standard","meta":{"footnotes":""},"categories":[40],"tags":[],"class_list":["post-250340","post","type-post","status-publish","format-standard","has-post-thumbnail","hentry","category-region"],"_links":{"self":[{"href":"https:\/\/plazajuarez.mx\/historico\/wp-json\/wp\/v2\/posts\/250340","targetHints":{"allow":["GET"]}}],"collection":[{"href":"https:\/\/plazajuarez.mx\/historico\/wp-json\/wp\/v2\/posts"}],"about":[{"href":"https:\/\/plazajuarez.mx\/historico\/wp-json\/wp\/v2\/types\/post"}],"author":[{"embeddable":true,"href":"https:\/\/plazajuarez.mx\/historico\/wp-json\/wp\/v2\/users\/75"}],"replies":[{"embeddable":true,"href":"https:\/\/plazajuarez.mx\/historico\/wp-json\/wp\/v2\/comments?post=250340"}],"version-history":[{"count":0,"href":"https:\/\/plazajuarez.mx\/historico\/wp-json\/wp\/v2\/posts\/250340\/revisions"}],"wp:featuredmedia":[{"embeddable":true,"href":"https:\/\/plazajuarez.mx\/historico\/wp-json\/wp\/v2\/media\/250341"}],"wp:attachment":[{"href":"https:\/\/plazajuarez.mx\/historico\/wp-json\/wp\/v2\/media?parent=250340"}],"wp:term":[{"taxonomy":"category","embeddable":true,"href":"https:\/\/plazajuarez.mx\/historico\/wp-json\/wp\/v2\/categories?post=250340"},{"taxonomy":"post_tag","embeddable":true,"href":"https:\/\/plazajuarez.mx\/historico\/wp-json\/wp\/v2\/tags?post=250340"}],"curies":[{"name":"wp","href":"https:\/\/api.w.org\/{rel}","templated":true}]}}