{"id":250320,"date":"2023-02-16T05:00:00","date_gmt":"2023-02-16T11:00:00","guid":{"rendered":"https:\/\/plazajuarez.mx\/?p=250320"},"modified":"2023-02-15T19:26:37","modified_gmt":"2023-02-16T01:26:37","slug":"mi-hermano-beto","status":"publish","type":"post","link":"https:\/\/plazajuarez.mx\/historico\/mi-hermano-beto\/","title":{"rendered":"Mi hermano Beto"},"content":{"rendered":"\n<h2 class=\"wp-block-heading\"><em>LAGUNA DE VOCES<\/em><\/h2>\n\n\n\n<p>Hasta ayer mi\u00e9rcoles pareciera que el sol decidi\u00f3 que ya era tiempo de salir a tiempo completo, y no con apariciones espor\u00e1dicas por la ma\u00f1ana, para hacerse el escondido apenas ca\u00eda la tarde. Las casi dos semanas que estuviste en el hospital, igual que tu enfermedad, estuvo as\u00ed de incierto, algo igual a lo que pas\u00f3 en todos los que te amamos, porque celebr\u00e1bamos con gusto enorme un reporte en que el doctor dec\u00eda que ibas bien, que en unos d\u00edas te dar\u00edan de alta, para luego caer en la oscuridad de lo incierto. Me dicen que el patio central que daba a tu cuarto, dejaba entrar al mediod\u00eda vacilantes rayos, que sin embargo fueron suficientes para que estuvieras arropado con ese poquito de calor.<\/p>\n\n\n\n<p>Debo decirte que te extra\u00f1o desde que dejaste de venir a tu oficina del peri\u00f3dico, donde te sent\u00edas a gusto con la lectura apasionada sobre la historia de Roma, del imperio, de un esquema en el manejo del poder que nunca ha cambiado, porque finalmente hasta los m\u00e1s fuertes y digamos algo de sabios, sucumb\u00edan a su hechizo. Siempre que sal\u00edas rumbo a tu casa, me hablabas para despedirte, para decir en esa confianza de la familia que ya te ibas. As\u00ed que estaba seguro que te ver\u00eda al otro d\u00eda, que platicar\u00edamos, que recordar\u00edas el pueblo que con tanta fe tra\u00edas en la memoria.<\/p>\n\n\n\n<p>Parte de tu memoria cobr\u00f3 vida en mi realidad, porque conoc\u00ed la laguna de San Miguel a partir de lo que contabas, a cada uno de los personajes del pueblo cuando los evocabas, la magia absoluta que seguro s\u00ed existi\u00f3 con todos esos fantasmas-personas que te acompa\u00f1aron durante tu ni\u00f1ez. Eras un mago de la palabra, de las ilusiones, de la esperanza, porque ten\u00edas y tienes una fe absoluta en la bondad del ser humano. Esa era la diferencia, la luz que te iluminaba siempre, aparte del don del consejo, que me contaste, mam\u00e1 ten\u00eda desde muy joven.<\/p>\n\n\n\n<p>Eras el favorito de mam\u00e1, de pap\u00e1, porque sab\u00edan que ante su falta, t\u00fa podr\u00edas ser gu\u00eda de todos. Y as\u00ed lo hiciste, junto con Yola y Jorge.<\/p>\n\n\n\n<p>Ahora escucho a muchos decirme que del destino nadie se escapa, aunque te quites, aunque te pongas. Y no, yo nunca escap\u00e9 del destino que me trajo a Pachuca justo cuando vine con pap\u00e1 a dejarte, en ese a\u00f1o que decidiste dejar la Ciudad de M\u00e9xico, acompa\u00f1ado de tu esposa y Aurorita, tu hija. Te confieso que la capital hidalguense de ese entonces era triste, hura\u00f1a (en eso no ha cambiado), y me dije que vivir aqu\u00ed deb\u00eda ser dif\u00edcil, trist\u00edsimo.<\/p>\n\n\n\n<p>Desde entonces tu destino era quedarte aqu\u00ed, y el m\u00edo tambi\u00e9n. Porque aqu\u00ed conoc\u00ed a las personas que m\u00e1s he amado en mi vida, la vocaci\u00f3n por encontrar la fortaleza para salir de estos momentos tan complicados, tan de plano dif\u00edciles. En eso los de Pachuca son \u00fanicos, porque son fuertes, recios ante el embate del aire cotidiano, de los sufrimientos tambi\u00e9n cotidianos. Y algo se aprende.<\/p>\n\n\n\n<p>As\u00ed que te voy a quedar a deber siempre hermano, porque en las tantas y tantas veces que platicamos, aprend\u00ed de ti la confianza, la fe que ten\u00edas en m\u00ed, y disculpa que hable tanto de lo que gan\u00e9. Porque tuviste ese don, adem\u00e1s del que te dec\u00eda, de saber aconsejar: el de la fe en la vida, en Dios, pero tambi\u00e9n en tus semejantes. A m\u00ed me ten\u00edas fe y eso puedo presumirlo, porque pese a tantas cosas me permiti\u00f3 caminar, anhelar, so\u00f1ar con un mont\u00f3n de cosas.<\/p>\n\n\n\n<p>C\u00f3mo quisiera tener tanta fe en esto de la vida carnalito, porque solo as\u00ed es posible llegar a la estaci\u00f3n final como t\u00fa lo hiciste, es decir con la vocaci\u00f3n absoluta por creer en la magia de la existencia humana.<\/p>\n\n\n\n<p>Hace unas semanas nos dec\u00edas a Mart\u00edn y a m\u00ed que siempre nos ve\u00edas como los ni\u00f1os que fuimos, a lo mejor espantados a la vida cuando mam\u00e1 muri\u00f3. Nosotros siempre te vimos y te veremos como lo que fuiste en la familia: un hombre bondadoso, pleno del sentido real de quien tiene fe cierta en las ense\u00f1anzas de Cristo.<\/p>\n\n\n\n<p>As\u00ed que te extra\u00f1amos, te extra\u00f1o, en este mi\u00e9rcoles 15 de febrero, apenas cuatro d\u00edas despu\u00e9s de tu muerte.&nbsp;<\/p>\n\n\n\n<p>Estoy cierto que sigues en tu oficina, aqu\u00ed al lado de la m\u00eda, con tu gusto por escudri\u00f1ar en la historia romana, de tener como mascota un perico, herramienta de metal, en una jaula, siempre presumiendo que guardas la especie m\u00e1s rara del mundo: un perico plateado.<\/p>\n\n\n\n<p>Y como aqu\u00ed sigues, te platicar\u00e9, cada vez que lo aceptes, lo que veo en este mundo que ahora t\u00fa entiendes, y yo no. Aqu\u00ed sigue tu familia, tu esposa; tu hija, la luz eterna de tu vida; tus hijos, fuertes, recios para estar al lado de su mam\u00e1, para heredar tu bondad y tu fe.<\/p>\n\n\n\n<p>Mil gracias, hasta ma\u00f1ana.<\/p>\n\n\n\n<p><a href=\"mailto:jeperalta@plazajuarez.mx\/historico\/historico\">jeperalta@plazajuarez.mx\/historico\/historico<\/a><\/p>\n\n\n\n<p>@JavierEPeralta<\/p>\n","protected":false},"excerpt":{"rendered":"<p>LAGUNA DE VOCES Hasta ayer mi\u00e9rcoles pareciera que el sol decidi\u00f3 que ya era tiempo de salir a tiempo completo, y no con apariciones espor\u00e1dicas por la ma\u00f1ana, para hacerse el escondido apenas ca\u00eda la tarde. Las casi dos semanas que estuviste en el hospital, igual que tu enfermedad, estuvo as\u00ed de incierto, algo igual [&hellip;]<\/p>\n","protected":false},"author":10,"featured_media":234866,"comment_status":"closed","ping_status":"closed","sticky":false,"template":"","format":"standard","meta":{"footnotes":""},"categories":[49,42],"tags":[],"class_list":["post-250320","post","type-post","status-publish","format-standard","has-post-thumbnail","hentry","category-javier-peralta","category-nuestrapalabra"],"_links":{"self":[{"href":"https:\/\/plazajuarez.mx\/historico\/wp-json\/wp\/v2\/posts\/250320","targetHints":{"allow":["GET"]}}],"collection":[{"href":"https:\/\/plazajuarez.mx\/historico\/wp-json\/wp\/v2\/posts"}],"about":[{"href":"https:\/\/plazajuarez.mx\/historico\/wp-json\/wp\/v2\/types\/post"}],"author":[{"embeddable":true,"href":"https:\/\/plazajuarez.mx\/historico\/wp-json\/wp\/v2\/users\/10"}],"replies":[{"embeddable":true,"href":"https:\/\/plazajuarez.mx\/historico\/wp-json\/wp\/v2\/comments?post=250320"}],"version-history":[{"count":0,"href":"https:\/\/plazajuarez.mx\/historico\/wp-json\/wp\/v2\/posts\/250320\/revisions"}],"wp:featuredmedia":[{"embeddable":true,"href":"https:\/\/plazajuarez.mx\/historico\/wp-json\/wp\/v2\/media\/234866"}],"wp:attachment":[{"href":"https:\/\/plazajuarez.mx\/historico\/wp-json\/wp\/v2\/media?parent=250320"}],"wp:term":[{"taxonomy":"category","embeddable":true,"href":"https:\/\/plazajuarez.mx\/historico\/wp-json\/wp\/v2\/categories?post=250320"},{"taxonomy":"post_tag","embeddable":true,"href":"https:\/\/plazajuarez.mx\/historico\/wp-json\/wp\/v2\/tags?post=250320"}],"curies":[{"name":"wp","href":"https:\/\/api.w.org\/{rel}","templated":true}]}}