{"id":2503,"date":"2015-03-20T06:00:00","date_gmt":"2015-03-20T06:00:00","guid":{"rendered":"http:\/\/plazajuarez.mx\/index\/index.php\/2015\/03\/20\/el-estado-islamico-reivindica-el-atentado-de-tunez\/"},"modified":"2015-03-20T06:00:00","modified_gmt":"2015-03-20T06:00:00","slug":"el-estado-islamico-reivindica-el-atentado-de-tunez","status":"publish","type":"post","link":"https:\/\/plazajuarez.mx\/historico\/el-estado-islamico-reivindica-el-atentado-de-tunez\/","title":{"rendered":"El Estado Isl\u00e1mico reivindica el atentado de T\u00fanez"},"content":{"rendered":"<p>El Cairo.- El Estado Isl\u00e1mico (EI) reivindic\u00f3 el atentado contra el Museo del Bardo, en la capital de T\u00fanez, que ha causado la muerte de al menos 23 personas. En una grabaci\u00f3n de audio distribuida en internet, el EI elogia a los atacantes a los que califica de &#8220;caballeros del estado isl\u00e1mico&#8221;:<\/p>\n<p>  <!--more-->  <\/p>\n<p>\u00a0<\/p>\n<p>Le decimos a los infieles que se sientan sobre el pecho de la T\u00fanez musulmana: esperad las buenas nuevas de que os haremos da\u00f1o porque lo que hab\u00e9is visto es la primera gota de lluvia, si Al\u00e1 quiere. No disfrutar\u00e9is de seguridad ni os ser\u00e1 concedida la paz mientras el Estado Isl\u00e1mico tenga hombres como estos que no se duermen en mitad de los agravios<\/p>\n<p>Las autoridades tunecinas ya han identificado a los dos autores del ataque, aunque todav\u00eda no hab\u00eda podido confirmar su pertenencia a un grupo yihadista.<\/p>\n<p>El primer ministro tunecino, Habib Essid, explic\u00f3 en declaraciones radiof\u00f3nicas que los terroristas abatidos por las fuerzas de seguridad son Saber Jachnaui y Yasin Labidi. Labidi ya era conocido e investigado por los servicios de la inteligencia tunecina, se\u00f1al\u00f3 el primer ministro, si bien &#8220;estaba se\u00f1alado por cosas no muy especiales&#8221;.<\/p>\n<p>T\u00fanez es, seg\u00fan las estimaciones, un gran exportador de yihadistas a Siria e Irak, donde los tunecinos formar\u00edan el mayor contingente de extranjeros. Se cree que entre 1.500 y 3.000 tunecinos se han unido all\u00ed al Estado Isl\u00e1mico\u00a0 y otras milicias extremistas.<\/p>\n<p>El Museo del Bardo, una de las principales atracciones tur\u00edsticas del pa\u00eds, est\u00e1 en el mismo edificio que el Parlamento, que estaba sesionando en el momento del ataque. (Agencias)<\/p>\n","protected":false},"excerpt":{"rendered":"<p>El Cairo.- El Estado Isl\u00e1mico (EI) reivindic\u00f3 el atentado contra el Museo del Bardo, en la capital de T\u00fanez, que ha causado la muerte de al menos 23 personas. En una grabaci\u00f3n de audio distribuida en internet, el EI elogia a los atacantes a los que califica de &#8220;caballeros del estado isl\u00e1mico&#8221;:<\/p>\n","protected":false},"author":93,"featured_media":0,"comment_status":"open","ping_status":"open","sticky":false,"template":"","format":"standard","meta":{"footnotes":""},"categories":[31],"tags":[],"class_list":["post-2503","post","type-post","status-publish","format-standard","hentry","category-orbe"],"_links":{"self":[{"href":"https:\/\/plazajuarez.mx\/historico\/wp-json\/wp\/v2\/posts\/2503","targetHints":{"allow":["GET"]}}],"collection":[{"href":"https:\/\/plazajuarez.mx\/historico\/wp-json\/wp\/v2\/posts"}],"about":[{"href":"https:\/\/plazajuarez.mx\/historico\/wp-json\/wp\/v2\/types\/post"}],"author":[{"embeddable":true,"href":"https:\/\/plazajuarez.mx\/historico\/wp-json\/wp\/v2\/users\/93"}],"replies":[{"embeddable":true,"href":"https:\/\/plazajuarez.mx\/historico\/wp-json\/wp\/v2\/comments?post=2503"}],"version-history":[{"count":0,"href":"https:\/\/plazajuarez.mx\/historico\/wp-json\/wp\/v2\/posts\/2503\/revisions"}],"wp:attachment":[{"href":"https:\/\/plazajuarez.mx\/historico\/wp-json\/wp\/v2\/media?parent=2503"}],"wp:term":[{"taxonomy":"category","embeddable":true,"href":"https:\/\/plazajuarez.mx\/historico\/wp-json\/wp\/v2\/categories?post=2503"},{"taxonomy":"post_tag","embeddable":true,"href":"https:\/\/plazajuarez.mx\/historico\/wp-json\/wp\/v2\/tags?post=2503"}],"curies":[{"name":"wp","href":"https:\/\/api.w.org\/{rel}","templated":true}]}}