{"id":2502,"date":"2015-03-20T06:00:00","date_gmt":"2015-03-20T06:00:00","guid":{"rendered":"http:\/\/plazajuarez.mx\/index\/index.php\/2015\/03\/20\/nos-quieren-aterrorizar-pero-no-lo-han-conseguido\/"},"modified":"2015-03-20T06:00:00","modified_gmt":"2015-03-20T06:00:00","slug":"nos-quieren-aterrorizar-pero-no-lo-han-conseguido","status":"publish","type":"post","link":"https:\/\/plazajuarez.mx\/historico\/nos-quieren-aterrorizar-pero-no-lo-han-conseguido\/","title":{"rendered":"\u201cNos quieren aterrorizar,  pero no lo han conseguido\u201d"},"content":{"rendered":"<p>T\u00fanez.- Decenas de personas han podido acceder por vez primera desde los ataques del mi\u00e9rcoles en T\u00fanez a la entrada del museo Bardo. Ondeando las banderas del pa\u00eds y ense\u00f1as con la palabra solidaridad y coreando el himno tunecino, decenas de manifestantes congregados a la entrada del museo lograron que funcionarios del mismo, bajo fuertes medidas de seguridad, abrieran la verja para depositar dos coronas de flores en homenaje a los 23 muertos del atentado.<\/p>\n<p>  <!--more-->  <\/p>\n<p>\u00a0<\/p>\n<p>\u201cNos quieren aterrorizar\u201d, ha manifestado Baha, de 19 a\u00f1os, preguntado por los motivos del asalto. \u201cPero como ves, no lo han conseguido\u201d. Ente las decenas de manifestantes hab\u00eda familias con ni\u00f1os, j\u00f3venes y ancianos, liderados por el colectivo de abogados s\u00edmbolo de la revoluci\u00f3n de la primavera \u00e1rabe tunecina. (Agencias)<\/p>\n","protected":false},"excerpt":{"rendered":"<p>T\u00fanez.- Decenas de personas han podido acceder por vez primera desde los ataques del mi\u00e9rcoles en T\u00fanez a la entrada del museo Bardo. Ondeando las banderas del pa\u00eds y ense\u00f1as con la palabra solidaridad y coreando el himno tunecino, decenas de manifestantes congregados a la entrada del museo lograron que funcionarios del mismo, bajo fuertes [&hellip;]<\/p>\n","protected":false},"author":93,"featured_media":0,"comment_status":"open","ping_status":"open","sticky":false,"template":"","format":"standard","meta":{"footnotes":""},"categories":[31],"tags":[],"class_list":["post-2502","post","type-post","status-publish","format-standard","hentry","category-orbe"],"_links":{"self":[{"href":"https:\/\/plazajuarez.mx\/historico\/wp-json\/wp\/v2\/posts\/2502","targetHints":{"allow":["GET"]}}],"collection":[{"href":"https:\/\/plazajuarez.mx\/historico\/wp-json\/wp\/v2\/posts"}],"about":[{"href":"https:\/\/plazajuarez.mx\/historico\/wp-json\/wp\/v2\/types\/post"}],"author":[{"embeddable":true,"href":"https:\/\/plazajuarez.mx\/historico\/wp-json\/wp\/v2\/users\/93"}],"replies":[{"embeddable":true,"href":"https:\/\/plazajuarez.mx\/historico\/wp-json\/wp\/v2\/comments?post=2502"}],"version-history":[{"count":0,"href":"https:\/\/plazajuarez.mx\/historico\/wp-json\/wp\/v2\/posts\/2502\/revisions"}],"wp:attachment":[{"href":"https:\/\/plazajuarez.mx\/historico\/wp-json\/wp\/v2\/media?parent=2502"}],"wp:term":[{"taxonomy":"category","embeddable":true,"href":"https:\/\/plazajuarez.mx\/historico\/wp-json\/wp\/v2\/categories?post=2502"},{"taxonomy":"post_tag","embeddable":true,"href":"https:\/\/plazajuarez.mx\/historico\/wp-json\/wp\/v2\/tags?post=2502"}],"curies":[{"name":"wp","href":"https:\/\/api.w.org\/{rel}","templated":true}]}}