{"id":250130,"date":"2023-02-14T12:00:00","date_gmt":"2023-02-14T18:00:00","guid":{"rendered":"https:\/\/plazajuarez.mx\/?p=250130"},"modified":"2023-02-14T13:57:36","modified_gmt":"2023-02-14T19:57:36","slug":"alfredo-olivas","status":"publish","type":"post","link":"https:\/\/plazajuarez.mx\/historico\/alfredo-olivas\/","title":{"rendered":"Alfredo Olivas reaparece en Instagram y descarta supuesto secuestro"},"content":{"rendered":"\n<p>Luego de que circularan versiones de que el cantante de regional mexicano, Alfredo Olivas, hab\u00eda sido secuestrado en Zacatecas, el int\u00e9rprete de &#8220;Sin explicaciones&#8221; tranquiliz\u00f3 a sus m\u00e1s de dos millones de seguidores en Instagram, donde comparti\u00f3 una historia en la que aparece en la cama, al parecer desconcertado de lo que se viraliz\u00f3 en redes.<br><br>&#8220;Qu\u00e9 est\u00e1 pasando doctor&#8221;, se lee en el breve mensaje posteado la ma\u00f1ana de este martes, el cual fue un respiro para sus fans, quienes ya estaban compartiendo memes y cadenas de oraci\u00f3n para que apareciera.<\/p>\n\n\n\n<blockquote class=\"tiktok-embed\" cite=\"https:\/\/www.tiktok.com\/@diarioplazajuarez\/video\/7200098805604224261\" data-video-id=\"7200098805604224261\" style=\"max-width: 605px;min-width: 325px;\" > <section> <a target=\"_blank\" title=\"@diarioplazajuarez\" href=\"https:\/\/www.tiktok.com\/@diarioplazajuarez?refer=embed\" rel=\"noopener\">@diarioplazajuarez<\/a> \ud83d\udc40Aguas con las <a title=\"fakenews\" target=\"_blank\" href=\"https:\/\/www.tiktok.com\/tag\/fakenews?refer=embed\" rel=\"noopener\">#FakeNews<\/a>; aqu\u00ed te contamos qu\u00e9 fue lo qu\u00e9 pas\u00f3 con @Alfredo Olivas <a title=\"noticias\" target=\"_blank\" href=\"https:\/\/www.tiktok.com\/tag\/noticias?refer=embed\" rel=\"noopener\">#Noticias<\/a> <a title=\"viral\" target=\"_blank\" href=\"https:\/\/www.tiktok.com\/tag\/viral?refer=embed\" rel=\"noopener\">#Viral<\/a> <a title=\"alfredoolivas\" target=\"_blank\" href=\"https:\/\/www.tiktok.com\/tag\/alfredoolivas?refer=embed\" rel=\"noopener\">#AlfredoOlivas<\/a> <a title=\"parati\" target=\"_blank\" href=\"https:\/\/www.tiktok.com\/tag\/parati?refer=embed\" rel=\"noopener\">#parati<\/a> <a title=\"viraltiktok\" target=\"_blank\" href=\"https:\/\/www.tiktok.com\/tag\/viraltiktok?refer=embed\" rel=\"noopener\">#viraltiktok<\/a> <a title=\"fyp\u30b7\" target=\"_blank\" href=\"https:\/\/www.tiktok.com\/tag\/fyp%E3%82%B7?refer=embed\" rel=\"noopener\">#fyp\u30b7<\/a> <a title=\"m\u00e9xico\" target=\"_blank\" href=\"https:\/\/www.tiktok.com\/tag\/m%C3%A9xico?refer=embed\" rel=\"noopener\">#M\u00e9xico<\/a> <a title=\"zacatecas\" target=\"_blank\" href=\"https:\/\/www.tiktok.com\/tag\/zacatecas?refer=embed\" rel=\"noopener\">#Zacatecas<\/a> <a title=\"m\u00fasica\" target=\"_blank\" href=\"https:\/\/www.tiktok.com\/tag\/m%C3%BAsica?refer=embed\" rel=\"noopener\">#M\u00fasica<\/a> <a title=\"m\u00fasicaregional\" target=\"_blank\" href=\"https:\/\/www.tiktok.com\/tag\/m%C3%BAsicaregional?refer=embed\" rel=\"noopener\">#M\u00fasicaRegional<\/a> <a title=\"espect\u00e1culos\" target=\"_blank\" href=\"https:\/\/www.tiktok.com\/tag\/espect%C3%A1culos?refer=embed\" rel=\"noopener\">#Espect\u00e1culos<\/a> <a title=\"instagram\" target=\"_blank\" href=\"https:\/\/www.tiktok.com\/tag\/instagram?refer=embed\" rel=\"noopener\">#Instagram<\/a> <a title=\"fyp\u30b7\u309aviral\" target=\"_blank\" href=\"https:\/\/www.tiktok.com\/tag\/fyp%E3%82%B7%E3%82%9Aviral?refer=embed\" rel=\"noopener\">#fyp\u30b7\u309aviral<\/a> <a title=\"show\" target=\"_blank\" href=\"https:\/\/www.tiktok.com\/tag\/show?refer=embed\" rel=\"noopener\">#Show<\/a> <a title=\"alfredoolivasfanx\" target=\"_blank\" href=\"https:\/\/www.tiktok.com\/tag\/alfredoolivasfanx?refer=embed\" rel=\"noopener\">#alfredoolivasfanx<\/a> <a title=\"alfredoolivasarmy\" target=\"_blank\" href=\"https:\/\/www.tiktok.com\/tag\/alfredoolivasarmy?refer=embed\" rel=\"noopener\">#alfredoolivasarmy<\/a> <a title=\"alfredoolivasofficial\" target=\"_blank\" href=\"https:\/\/www.tiktok.com\/tag\/alfredoolivasofficial?refer=embed\" rel=\"noopener\">#alfredoolivasofficial<\/a> <a target=\"_blank\" title=\"\u266c Yo Todo Lo Doy - Alfredo Olivas\" href=\"https:\/\/www.tiktok.com\/music\/Yo-Todo-Lo-Doy-7140102347099425541?refer=embed\" rel=\"noopener\">\u266c Yo Todo Lo Doy &#8211; Alfredo Olivas<\/a> <\/section> <\/blockquote> <script async src=\"https:\/\/www.tiktok.com\/embed.js\"><\/script>\n\n\n\n<p><br>La Mesa Estatal de Construcci\u00f3n de Paz y Seguridad informa que hasta este momento no existen indicios que confirmen la privaci\u00f3n ilegal de la libertad de un cantante en el estado de Zacatecas.<br><br>En el desarrollo de la sesi\u00f3n ordinaria llevada a cabo este martes en el Municipio de Juan Aldama y que concluy\u00f3 hace unos minutos, ninguna de las autoridades participantes, ni el despliegue operativo que se mantiene en esa zona del territorio estatal, refiere el reporte o denuncia de un hecho de tal naturaleza, por lo que se descarta totalmente que esto se haya presentado en el estado de Zacatecas.<br><br>Es importante se\u00f1alar, que personal Militar, de Guardia Nacional y Polic\u00eda Estatal Preventiva de ambos estados, sostienen comunicaci\u00f3n y coordinaci\u00f3n permanente.<br><br>Alfredo Olivas tiene agendada una presentaci\u00f3n el s\u00e1bado 18 de febrero en el Palenque Jalostotitl\u00e1n, en Jalisco.<\/p>\n","protected":false},"excerpt":{"rendered":"<p>Luego de que circularan versiones de que el cantante de regional mexicano, Alfredo Olivas, hab\u00eda sido secuestrado en Zacatecas, el int\u00e9rprete de &#8220;Sin explicaciones&#8221; tranquiliz\u00f3 a sus m\u00e1s de dos millones de seguidores en Instagram, donde comparti\u00f3 una historia en la que aparece en la cama, al parecer desconcertado de lo que se viraliz\u00f3 en [&hellip;]<\/p>\n","protected":false},"author":81,"featured_media":250133,"comment_status":"closed","ping_status":"closed","sticky":false,"template":"","format":"standard","meta":{"footnotes":""},"categories":[15,38],"tags":[],"class_list":["post-250130","post","type-post","status-publish","format-standard","has-post-thumbnail","hentry","category-destacadas","category-show"],"_links":{"self":[{"href":"https:\/\/plazajuarez.mx\/historico\/wp-json\/wp\/v2\/posts\/250130","targetHints":{"allow":["GET"]}}],"collection":[{"href":"https:\/\/plazajuarez.mx\/historico\/wp-json\/wp\/v2\/posts"}],"about":[{"href":"https:\/\/plazajuarez.mx\/historico\/wp-json\/wp\/v2\/types\/post"}],"author":[{"embeddable":true,"href":"https:\/\/plazajuarez.mx\/historico\/wp-json\/wp\/v2\/users\/81"}],"replies":[{"embeddable":true,"href":"https:\/\/plazajuarez.mx\/historico\/wp-json\/wp\/v2\/comments?post=250130"}],"version-history":[{"count":0,"href":"https:\/\/plazajuarez.mx\/historico\/wp-json\/wp\/v2\/posts\/250130\/revisions"}],"wp:featuredmedia":[{"embeddable":true,"href":"https:\/\/plazajuarez.mx\/historico\/wp-json\/wp\/v2\/media\/250133"}],"wp:attachment":[{"href":"https:\/\/plazajuarez.mx\/historico\/wp-json\/wp\/v2\/media?parent=250130"}],"wp:term":[{"taxonomy":"category","embeddable":true,"href":"https:\/\/plazajuarez.mx\/historico\/wp-json\/wp\/v2\/categories?post=250130"},{"taxonomy":"post_tag","embeddable":true,"href":"https:\/\/plazajuarez.mx\/historico\/wp-json\/wp\/v2\/tags?post=250130"}],"curies":[{"name":"wp","href":"https:\/\/api.w.org\/{rel}","templated":true}]}}