{"id":2500,"date":"2015-03-20T06:00:00","date_gmt":"2015-03-20T06:00:00","guid":{"rendered":"http:\/\/plazajuarez.mx\/index\/index.php\/2015\/03\/20\/doscientas-fotos-de-diferentes-joyas-ponen-en-evidencia-a-la-presidenta-de-argentina\/"},"modified":"2015-03-20T06:00:00","modified_gmt":"2015-03-20T06:00:00","slug":"doscientas-fotos-de-diferentes-joyas-ponen-en-evidencia-a-la-presidenta-de-argentina","status":"publish","type":"post","link":"https:\/\/plazajuarez.mx\/historico\/doscientas-fotos-de-diferentes-joyas-ponen-en-evidencia-a-la-presidenta-de-argentina\/","title":{"rendered":"Doscientas fotos de diferentes joyas ponen  en evidencia a la presidenta de Argentina"},"content":{"rendered":"<p>La presidenta de Argentina es famosa por, entre otras razones, exhibir en sus apariciones p\u00fablicas un variado abanico de joyas. A Cristina Fern\u00e1ndez de Kirchner le encanta cuidar su imagen (f\u00edsica) y suele recordar que desde jovencita se pinta \u00abcomo una puerta\u00bb. Con los a\u00f1os, la fachada facial y el resto del cuerpo de la mujer m\u00e1s poderosa de Argentina se fue adornando con relojes de oro como su cl\u00e1sico Rolex, pendientes y anillos Cartier, bolsos LV y una larga lista de complementos y abalorios que han despertado la curiosidad de su ex ministra Graciela Oca\u00f1a.<\/p>\n<p>  <!--more-->  <\/p>\n<p>\u00a0<\/p>\n<p>Conocida familiarmente como \u00abLa Hormiguita\u00bb, por su labor constante y minuciosa, Oca\u00f1a \u2013actual legisladora opositora de la Ciudad de Buenos Aires\u2013 recopil\u00f3 unas doscientas fotograf\u00edas en los \u00faltimos cuatro a\u00f1os de la viuda de N\u00e9stor Kirchner, donde se aprecia una sustanciosa muestra de su patrimonio de pendientes de brillantes, collares, gargantillas y otras joyas. La legisladora acudi\u00f3 al juez federal Sergio Torres para que convoque a un tasador con el fin de establecer el valor de todas las piezas y comprobar si \u00e9stas fueron incluidas en su declaraci\u00f3n jurada. La intervenci\u00f3n de Torres se enmarca en una causa judicial iniciada el pasado diciembre, luego de que la revista \u00abNoticias\u00bb publicara un amplio reportaje titulado \u00abLas joyas de Cristina\u00bb. Un empleado de la conocida joyer\u00eda Jean-Pierre advirti\u00f3 entonces que la presidenta se hab\u00eda surtido de dos millones y medio de euros, s\u00f3lo en collares de perlas.<\/p>\n<p>Sergio Hovaghimian declar\u00f3 que la jefa del Estado pagaba en d\u00f3lares y&#8230; en negro. El mes pasado Hovaghimian decidi\u00f3 marcharse a EU, luego de recibir un an\u00f3nimo donde le advert\u00edan: \u00abVas a terminar como Nisman\u00bb, en alusi\u00f3n al fiscal general que apareci\u00f3 muerto, en circunstancias sin esclarecer, despu\u00e9s de acusar a la presidenta de complicidad terrorista con los pr\u00f3fugos del atentado a la mutual israelita AMIA. (Agencias)<\/p>\n","protected":false},"excerpt":{"rendered":"<p>La presidenta de Argentina es famosa por, entre otras razones, exhibir en sus apariciones p\u00fablicas un variado abanico de joyas. A Cristina Fern\u00e1ndez de Kirchner le encanta cuidar su imagen (f\u00edsica) y suele recordar que desde jovencita se pinta \u00abcomo una puerta\u00bb. Con los a\u00f1os, la fachada facial y el resto del cuerpo de la [&hellip;]<\/p>\n","protected":false},"author":93,"featured_media":0,"comment_status":"open","ping_status":"open","sticky":false,"template":"","format":"standard","meta":{"footnotes":""},"categories":[31],"tags":[],"class_list":["post-2500","post","type-post","status-publish","format-standard","hentry","category-orbe"],"_links":{"self":[{"href":"https:\/\/plazajuarez.mx\/historico\/wp-json\/wp\/v2\/posts\/2500","targetHints":{"allow":["GET"]}}],"collection":[{"href":"https:\/\/plazajuarez.mx\/historico\/wp-json\/wp\/v2\/posts"}],"about":[{"href":"https:\/\/plazajuarez.mx\/historico\/wp-json\/wp\/v2\/types\/post"}],"author":[{"embeddable":true,"href":"https:\/\/plazajuarez.mx\/historico\/wp-json\/wp\/v2\/users\/93"}],"replies":[{"embeddable":true,"href":"https:\/\/plazajuarez.mx\/historico\/wp-json\/wp\/v2\/comments?post=2500"}],"version-history":[{"count":0,"href":"https:\/\/plazajuarez.mx\/historico\/wp-json\/wp\/v2\/posts\/2500\/revisions"}],"wp:attachment":[{"href":"https:\/\/plazajuarez.mx\/historico\/wp-json\/wp\/v2\/media?parent=2500"}],"wp:term":[{"taxonomy":"category","embeddable":true,"href":"https:\/\/plazajuarez.mx\/historico\/wp-json\/wp\/v2\/categories?post=2500"},{"taxonomy":"post_tag","embeddable":true,"href":"https:\/\/plazajuarez.mx\/historico\/wp-json\/wp\/v2\/tags?post=2500"}],"curies":[{"name":"wp","href":"https:\/\/api.w.org\/{rel}","templated":true}]}}