{"id":2499,"date":"2015-03-20T06:00:00","date_gmt":"2015-03-20T06:00:00","guid":{"rendered":"http:\/\/plazajuarez.mx\/index\/index.php\/2015\/03\/20\/venezuela-denuncio-ante-la-oea-la-agresion-de-washington\/"},"modified":"2015-03-20T06:00:00","modified_gmt":"2015-03-20T06:00:00","slug":"venezuela-denuncio-ante-la-oea-la-agresion-de-washington","status":"publish","type":"post","link":"https:\/\/plazajuarez.mx\/historico\/venezuela-denuncio-ante-la-oea-la-agresion-de-washington\/","title":{"rendered":"Venezuela denunci\u00f3 ante la OEA  la \u201cagresi\u00f3n\u201d de Washington"},"content":{"rendered":"<p>Washington.- Arropada por las declaraciones de apoyo emitidas por Unasur en Quito el s\u00e1bado y de los pa\u00edses del Alba en Caracas el martes, la canciller de Venezuela, Delcy Rodr\u00edguez, est\u00e1 en Washington, donde ayer \u201calert\u00f3\u201d de la \u201cagresi\u00f3n\u201d estadounidense contra su pa\u00eds ante la Organizaci\u00f3n de Estados Americanos (OEA).<\/p>\n<p>  <!--more-->  <\/p>\n<p>\u00a0<\/p>\n<p>En esta ocasi\u00f3n, sus palabras no viajaron lejos. La sede de la OEA est\u00e1 a distancia casi equidistante del Departamento de Estado y de la Casa Blanca. Desde all\u00ed, el presidente Barack Obama declar\u00f3 hace una semana una \u201cemergencia nacional\u201d ante Venezuela por la \u201camenaza inusual\u201d que, afirm\u00f3, supone ese pa\u00eds. Tambi\u00e9n impuso sanciones a siete altos funcionarios del Gobierno de Nicol\u00e1s Maduro.<\/p>\n<p>La orden ejecutiva de Obama \u201ces absolutamente violatoria del derecho internacional, de los principios y prop\u00f3sitos de la Carta de Naciones Unidas y del ordenamiento jur\u00eddico y constitucional de Venezuela\u201d, subray\u00f3 Rodr\u00edguez en rueda de prensa en la OEA, donde el mi\u00e9rcoles particip\u00f3 en la votaci\u00f3n del uruguayo Luis Almagro como pr\u00f3ximo secretario general del organismo. (Agencias)<\/p>\n","protected":false},"excerpt":{"rendered":"<p>Washington.- Arropada por las declaraciones de apoyo emitidas por Unasur en Quito el s\u00e1bado y de los pa\u00edses del Alba en Caracas el martes, la canciller de Venezuela, Delcy Rodr\u00edguez, est\u00e1 en Washington, donde ayer \u201calert\u00f3\u201d de la \u201cagresi\u00f3n\u201d estadounidense contra su pa\u00eds ante la Organizaci\u00f3n de Estados Americanos (OEA).<\/p>\n","protected":false},"author":93,"featured_media":0,"comment_status":"open","ping_status":"open","sticky":false,"template":"","format":"standard","meta":{"footnotes":""},"categories":[31],"tags":[],"class_list":["post-2499","post","type-post","status-publish","format-standard","hentry","category-orbe"],"_links":{"self":[{"href":"https:\/\/plazajuarez.mx\/historico\/wp-json\/wp\/v2\/posts\/2499","targetHints":{"allow":["GET"]}}],"collection":[{"href":"https:\/\/plazajuarez.mx\/historico\/wp-json\/wp\/v2\/posts"}],"about":[{"href":"https:\/\/plazajuarez.mx\/historico\/wp-json\/wp\/v2\/types\/post"}],"author":[{"embeddable":true,"href":"https:\/\/plazajuarez.mx\/historico\/wp-json\/wp\/v2\/users\/93"}],"replies":[{"embeddable":true,"href":"https:\/\/plazajuarez.mx\/historico\/wp-json\/wp\/v2\/comments?post=2499"}],"version-history":[{"count":0,"href":"https:\/\/plazajuarez.mx\/historico\/wp-json\/wp\/v2\/posts\/2499\/revisions"}],"wp:attachment":[{"href":"https:\/\/plazajuarez.mx\/historico\/wp-json\/wp\/v2\/media?parent=2499"}],"wp:term":[{"taxonomy":"category","embeddable":true,"href":"https:\/\/plazajuarez.mx\/historico\/wp-json\/wp\/v2\/categories?post=2499"},{"taxonomy":"post_tag","embeddable":true,"href":"https:\/\/plazajuarez.mx\/historico\/wp-json\/wp\/v2\/tags?post=2499"}],"curies":[{"name":"wp","href":"https:\/\/api.w.org\/{rel}","templated":true}]}}