{"id":249738,"date":"2023-02-10T05:00:00","date_gmt":"2023-02-10T11:00:00","guid":{"rendered":"https:\/\/plazajuarez.mx\/?p=249738"},"modified":"2023-02-09T22:58:13","modified_gmt":"2023-02-10T04:58:13","slug":"dese-por-enterado-1082","status":"publish","type":"post","link":"https:\/\/plazajuarez.mx\/historico\/dese-por-enterado-1082\/","title":{"rendered":"DESE POR ENTERADO"},"content":{"rendered":"\n<p><strong>CONSULTA MITOFSKY<\/strong>. \u2013 Con una aprobaci\u00f3n ciudadana del 52.9 por ciento, el gobernador, <strong>Julio Menchaca Salazar<\/strong>, se coloc\u00f3 entre los diez mandatarios estatales mejor calificados en el pa\u00eds, lo que sin duda representa un reconocimiento a su labor seria, prudente y alejada de confrontaciones est\u00e9riles. Y que Mitofsky lo diga, al ser una consultora que no guarda la mejor de las relaciones con el gobierno federal, habla bien de la administraci\u00f3n del hidalguense, quien, con un estilo efectivo y poco dado a los reflectores, ha sustentado su labor en el trabajo constante y sonante.<\/p>\n\n\n\n<figure class=\"wp-block-image size-full\"><img decoding=\"async\" src=\"https:\/\/plazajuarez.mx\/historico\/historico\/wp-content\/uploads\/2023\/02\/CONSULTA-MITOFSKY-CORTESI\u0301A.jpeg\" alt=\"\" class=\"wp-image-249739\"\/><\/figure>\n\n\n\n<p><strong>TESLA, UNA POSIBILIDAD QUE SE LLEVA CON TIENTO<\/strong>. \u2013 Es cierto, para la construcci\u00f3n fallida del Aeropuerto Internacional alterno al de la Ciudad de M\u00e9xico, que finalmente no se edific\u00f3 en los Valles de Tizayuca-Zapotl\u00e1n, se destinaron recursos para comprar 900 hect\u00e1reas donde se ten\u00eda previsto el campo a\u00e9reo. Es decir, que se gener\u00f3 una deuda para competir, pero la competencia no fue, de ninguna manera, justa. Sin embargo, esas 900 hect\u00e1reas son las que hoy mantienen en una lucha real a la entidad hidalguense para que la empresa fabricante de autos Tesla, finalmente pudiera quedarse en Hidalgo. De otro modo resultar\u00eda poco menos que imposible. Sin rayar en el optimismo, el contar con la tierra disponible, da mucha ventaja al Estado por sobre otras alternativas.<\/p>\n\n\n\n<figure class=\"wp-block-image size-full\"><img decoding=\"async\" src=\"https:\/\/plazajuarez.mx\/historico\/historico\/wp-content\/uploads\/2023\/02\/TESLA-UNA-POSIBILIDAD-QUE-SE-LLEVA-CON-TIENTO.jpg\" alt=\"\" class=\"wp-image-249740\"\/><\/figure>\n\n\n\n<p><strong>PRI, EQUILIBRIOS PESE A TEMBLORES<\/strong>. &#8211;&nbsp; Fue anunciada la reincorporaci\u00f3n de <strong>Jenny M\u00e1rquez,<\/strong> como secretaria general del Comit\u00e9 Directivo Estatal del Revolucionario Institucional, ante lo cual un an\u00e1lisis simpl\u00f3n dar\u00eda por hecho que de plano ya fue cedida la plaza tricolor a la segunda de a bordo de \u201cAlito\u201d. Sin embargo, con un poco de serenidad y paciencia, es posible observar un trabajo bajo fuego del dirigente en Hidalgo<strong>, Julio Valera<\/strong>, por conservar los equilibrios pol\u00edticos, tarea nada f\u00e1cil, pero que habla mucho de la experiencia de un pri\u00edsta que sabe del valor de la unidad ante cualquier circunstancia. Como dice el cl\u00e1sico: al tiempo.<\/p>\n\n\n\n<figure class=\"wp-block-image size-full\"><img loading=\"lazy\" decoding=\"async\" width=\"853\" height=\"853\" src=\"https:\/\/plazajuarez.mx\/historico\/historico\/wp-content\/uploads\/2023\/02\/PRI-EQUILIBRIOS-PESE-A-TEMBLORES-Facebook-Jenny-Ma\u0301rquez.jpg\" alt=\"\" class=\"wp-image-249741\" srcset=\"https:\/\/plazajuarez.mx\/historico\/wp-content\/uploads\/2023\/02\/PRI-EQUILIBRIOS-PESE-A-TEMBLORES-Facebook-Jenny-Ma\u0301rquez.jpg 853w, https:\/\/plazajuarez.mx\/historico\/wp-content\/uploads\/2023\/02\/PRI-EQUILIBRIOS-PESE-A-TEMBLORES-Facebook-Jenny-Ma\u0301rquez-768x768.jpg 768w, https:\/\/plazajuarez.mx\/historico\/wp-content\/uploads\/2023\/02\/PRI-EQUILIBRIOS-PESE-A-TEMBLORES-Facebook-Jenny-Ma\u0301rquez-36x36.jpg 36w\" sizes=\"auto, (max-width: 853px) 100vw, 853px\" \/><\/figure>\n\n\n\n<p><strong>PUES NO, NO LLEGAR\u00c1 UBER A HIDALGO<\/strong>. \u2013 Nadie podr\u00e1 negar que existe un grupo de familias propietarias de buena parte de las flotas de taxis y colectivos en Hidalgo. Su labor ha sido apoderarse de cuanta concesi\u00f3n existe, bien sea de manera directa, o servir de prestanombres. Tampoco nadie podr\u00e1 negar que a la explotaci\u00f3n que padecen los choferes, que hacen lo que pueden para tener ganancias, y en lo anterior va incluida que jam\u00e1s respetan los l\u00edmites de velocidad, y mucho menos un manual de urbanidad para con los usuarios y cristianos que se atraviesen en su camino. Lo anterior parece colocarnos en una disyuntiva: solapar el monopolio existente con tal de salvar la chamba de los choferes, y decir que estamos felices con el servicio, y por lo tanto aplaudir que Uber no entre a territorio hidalguense. El hecho, sin embargo, es que el usuario debiera tener la \u00faltima palabra, y poder elegir entre lo que le convenga y lo que no. Pero por mientras las dos o tres familias de siempre, que tambi\u00e9n tienen su Uni\u00f3n de Trabajadores del Volante, que manejan a su antojo, pueden estar tranquilas, y que el usuario\u2026 pues que se joda.<\/p>\n\n\n\n<figure class=\"wp-block-image size-full\"><img loading=\"lazy\" decoding=\"async\" width=\"399\" height=\"399\" src=\"https:\/\/plazajuarez.mx\/historico\/historico\/wp-content\/uploads\/2023\/02\/PUES-NO-NO-LLEGARA\u0301-UBER-A-HIDALGO-@Uber.jpg\" alt=\"\" class=\"wp-image-249742\" srcset=\"https:\/\/plazajuarez.mx\/historico\/wp-content\/uploads\/2023\/02\/PUES-NO-NO-LLEGARA\u0301-UBER-A-HIDALGO-@Uber.jpg 399w, https:\/\/plazajuarez.mx\/historico\/wp-content\/uploads\/2023\/02\/PUES-NO-NO-LLEGARA\u0301-UBER-A-HIDALGO-@Uber-36x36.jpg 36w\" sizes=\"auto, (max-width: 399px) 100vw, 399px\" \/><\/figure>\n\n\n\n<p><strong>Aviso para que no digan: Esta columna se nutre de comentarios recabados por agencias del Recontra-Espionaje, muy similares a las que populariz\u00f3 el \u201cS\u00faper Agente 86\u201d en sus tiempos. Como tal lo que publicamos puede que sea cierto, puede que no, o todo lo contrario. Est\u00e1 usted en libertad de creer o no lo que lee, recontra-enojarse, recontra- carcajearse y hasta recontra-recordarnos a nuestra jefecita (nosotros recontra-haremos lo propio). Avisado est\u00e1 usted.&nbsp;<\/strong><\/p>\n\n\n\n<p><strong>desexenterado@gmail.com @desexenterado&nbsp;<\/strong><\/p>\n","protected":false},"excerpt":{"rendered":"<p>CONSULTA MITOFSKY. \u2013 Con una aprobaci\u00f3n ciudadana del 52.9 por ciento, el gobernador, Julio Menchaca Salazar, se coloc\u00f3 entre los diez mandatarios estatales mejor calificados en el pa\u00eds, lo que sin duda representa un reconocimiento a su labor seria, prudente y alejada de confrontaciones est\u00e9riles. Y que Mitofsky lo diga, al ser una consultora que [&hellip;]<\/p>\n","protected":false},"author":93,"featured_media":234681,"comment_status":"closed","ping_status":"closed","sticky":false,"template":"","format":"standard","meta":{"footnotes":""},"categories":[15],"tags":[],"class_list":["post-249738","post","type-post","status-publish","format-standard","has-post-thumbnail","hentry","category-destacadas"],"_links":{"self":[{"href":"https:\/\/plazajuarez.mx\/historico\/wp-json\/wp\/v2\/posts\/249738","targetHints":{"allow":["GET"]}}],"collection":[{"href":"https:\/\/plazajuarez.mx\/historico\/wp-json\/wp\/v2\/posts"}],"about":[{"href":"https:\/\/plazajuarez.mx\/historico\/wp-json\/wp\/v2\/types\/post"}],"author":[{"embeddable":true,"href":"https:\/\/plazajuarez.mx\/historico\/wp-json\/wp\/v2\/users\/93"}],"replies":[{"embeddable":true,"href":"https:\/\/plazajuarez.mx\/historico\/wp-json\/wp\/v2\/comments?post=249738"}],"version-history":[{"count":0,"href":"https:\/\/plazajuarez.mx\/historico\/wp-json\/wp\/v2\/posts\/249738\/revisions"}],"wp:featuredmedia":[{"embeddable":true,"href":"https:\/\/plazajuarez.mx\/historico\/wp-json\/wp\/v2\/media\/234681"}],"wp:attachment":[{"href":"https:\/\/plazajuarez.mx\/historico\/wp-json\/wp\/v2\/media?parent=249738"}],"wp:term":[{"taxonomy":"category","embeddable":true,"href":"https:\/\/plazajuarez.mx\/historico\/wp-json\/wp\/v2\/categories?post=249738"},{"taxonomy":"post_tag","embeddable":true,"href":"https:\/\/plazajuarez.mx\/historico\/wp-json\/wp\/v2\/tags?post=249738"}],"curies":[{"name":"wp","href":"https:\/\/api.w.org\/{rel}","templated":true}]}}