{"id":249736,"date":"2023-02-10T05:00:00","date_gmt":"2023-02-10T11:00:00","guid":{"rendered":"https:\/\/plazajuarez.mx\/?p=249736"},"modified":"2023-02-09T22:53:30","modified_gmt":"2023-02-10T04:53:30","slug":"tesla-mesura-y-seriedad","status":"publish","type":"post","link":"https:\/\/plazajuarez.mx\/historico\/tesla-mesura-y-seriedad\/","title":{"rendered":"Tesla, mesura y seriedad"},"content":{"rendered":"\n<h2 class=\"wp-block-heading\">RETRATOS HABLADOS<\/h2>\n\n\n\n<p>Por supuesto que la eventual llegada a Hidalgo de una armadora de autos el\u00e9ctricos como Tesla, podr\u00eda ser un parteaguas en la historia de la entidad, porque se traducir\u00eda en un desarrollo cierto, con empleos bien pagados y el desarrollo industrial largamente esperado. Pero la posibilidad de que esto suceda, finalmente es eso: posibilidad, y echar a vuelo las campanas para olvidar toda la problem\u00e1tica que se vive en el Estado, ser\u00eda un error de c\u00e1lculo que ya no puede volver a cometerse.<\/p>\n\n\n\n<p>De ah\u00ed que el pronunciamiento del gobernador, <strong>Julio Menchaca Salazar<\/strong>, resulte fundamental, al pedir mesura y seriedad para no caer en falsas especulaciones.<\/p>\n\n\n\n<p>Lo anterior tambi\u00e9n debe ser entendido que su Plan Estatal de Desarrollo no se ancla a un solo proyecto, porque las demandas de los habitantes de todo el territorio hidalguense son m\u00faltiples, y por supuesto diferentes.<\/p>\n\n\n\n<p>Sin duda, como en otras ocasiones, se tienen las mejores condiciones para que Tesla se instale en la entidad, pero son m\u00faltiples los factores que pueden hacer realidad una inversi\u00f3n de la magnitud que se plantea, y de ning\u00fan modo se puede detener todo para esperar impacientemente la decisi\u00f3n.,<\/p>\n\n\n\n<p>Las experiencias que se han tenido en estos menesteres han sido terribles, por la simple y sencilla raz\u00f3n de que la decisi\u00f3n del aeropuerto, por ejemplo, era pol\u00edtica.<\/p>\n\n\n\n<p>Esta vez hablamos de una empresa privada, que habr\u00e1 de analizar a fondo las ventajas y desventajas de los dos participantes: Hidalgo y Nuevo Le\u00f3n.&nbsp;<\/p>\n\n\n\n<p>Y lo anterior quiere decir que evaluar\u00e1n lo que m\u00e1s convenga a su negocio, porque de ninguna manera se trata de una agrupaci\u00f3n de las hermanas de la caridad. Y por eso, por esa simple y terriblemente realista raz\u00f3n, es que la entidad pudiera perfilarse como la ganadora, al ser tomada en cuenta, por fin, su localizaci\u00f3n geogr\u00e1fica, su absoluta cercan\u00eda al Aeropuerto Internacional Felipe \u00c1ngeles, y a que esta vez seleccionar a nuestra entidad, le conviene, y mucho, al gobierno federal.<\/p>\n\n\n\n<p>As\u00ed de simple.<\/p>\n\n\n\n<p>Sin embargo, la situaci\u00f3n exige prudencia, mesura y seriedad.<\/p>\n\n\n\n<p>\u00bfEs importante la llegada de Tesla? Sin lugar a dudas, pero de ninguna manera el desarrollo de Hidalgo, se finca en un solo proyecto.<\/p>\n\n\n\n<p>Mil gracias, hasta el pr\u00f3ximo lunes.<\/p>\n\n\n\n<p>Correo: <a href=\"mailto:jeperalta@plazajuarez.mx\/historico\/historico\">jeperalta@plazajuarez.mx\/historico\/historico<\/a><\/p>\n\n\n\n<p>Twitter: @JavierEPeralta<\/p>\n","protected":false},"excerpt":{"rendered":"<p>RETRATOS HABLADOS Por supuesto que la eventual llegada a Hidalgo de una armadora de autos el\u00e9ctricos como Tesla, podr\u00eda ser un parteaguas en la historia de la entidad, porque se traducir\u00eda en un desarrollo cierto, con empleos bien pagados y el desarrollo industrial largamente esperado. Pero la posibilidad de que esto suceda, finalmente es eso: [&hellip;]<\/p>\n","protected":false},"author":10,"featured_media":241756,"comment_status":"closed","ping_status":"closed","sticky":false,"template":"","format":"standard","meta":{"footnotes":""},"categories":[49,42],"tags":[],"class_list":["post-249736","post","type-post","status-publish","format-standard","has-post-thumbnail","hentry","category-javier-peralta","category-nuestrapalabra"],"_links":{"self":[{"href":"https:\/\/plazajuarez.mx\/historico\/wp-json\/wp\/v2\/posts\/249736","targetHints":{"allow":["GET"]}}],"collection":[{"href":"https:\/\/plazajuarez.mx\/historico\/wp-json\/wp\/v2\/posts"}],"about":[{"href":"https:\/\/plazajuarez.mx\/historico\/wp-json\/wp\/v2\/types\/post"}],"author":[{"embeddable":true,"href":"https:\/\/plazajuarez.mx\/historico\/wp-json\/wp\/v2\/users\/10"}],"replies":[{"embeddable":true,"href":"https:\/\/plazajuarez.mx\/historico\/wp-json\/wp\/v2\/comments?post=249736"}],"version-history":[{"count":0,"href":"https:\/\/plazajuarez.mx\/historico\/wp-json\/wp\/v2\/posts\/249736\/revisions"}],"wp:featuredmedia":[{"embeddable":true,"href":"https:\/\/plazajuarez.mx\/historico\/wp-json\/wp\/v2\/media\/241756"}],"wp:attachment":[{"href":"https:\/\/plazajuarez.mx\/historico\/wp-json\/wp\/v2\/media?parent=249736"}],"wp:term":[{"taxonomy":"category","embeddable":true,"href":"https:\/\/plazajuarez.mx\/historico\/wp-json\/wp\/v2\/categories?post=249736"},{"taxonomy":"post_tag","embeddable":true,"href":"https:\/\/plazajuarez.mx\/historico\/wp-json\/wp\/v2\/tags?post=249736"}],"curies":[{"name":"wp","href":"https:\/\/api.w.org\/{rel}","templated":true}]}}