{"id":249730,"date":"2023-02-09T22:34:09","date_gmt":"2023-02-10T04:34:09","guid":{"rendered":"https:\/\/plazajuarez.mx\/?p=249730"},"modified":"2023-02-09T22:36:25","modified_gmt":"2023-02-10T04:36:25","slug":"si-existe-crimen-organizado-tambien-habra-autoridades-organizadas","status":"publish","type":"post","link":"https:\/\/plazajuarez.mx\/historico\/si-existe-crimen-organizado-tambien-habra-autoridades-organizadas\/","title":{"rendered":"\u201cSi existe crimen organizado, tambi\u00e9n\u00a0habr\u00e1 autoridades organizadas\u201d"},"content":{"rendered":"\n<p>La Mesa, comunidad de Acaxochitl\u00e1n, fue sede de la \u201cReuni\u00f3n de coordinaci\u00f3n interregional para la construcci\u00f3n de paz y seguridad\u201d en la que participaron representantes de los gobiernos de Hidalgo, Puebla y Tlaxcala, para tratar delitos federales del fuero com\u00fan como lo es la tala clandestina, robo y trasiego de hidrocarburos, narcomenudeo, robo a transportistas, entre otros.<\/p>\n\n\n\n<p>Ante autoridades estatales y de los municipios colindantes de los tres estados, Alejandro Vel\u00e1zquez, secretario particular del gobernador Julio Menchaca, al dar la bienvenida, habl\u00f3 de la importancia de establecer alianzas que fortalezcan la seguridad y hagan frente com\u00fan ante los desaf\u00edos que enfrentan las entidades.<\/p>\n\n\n\n<p>El titular de la Secretar\u00eda de Gobierno, Guillermo Olivares Reyna, asegur\u00f3 que un punto imprescindible para devolver la paz y la seguridad al pa\u00eds y particularmente en los estados, es la cohesi\u00f3n y el trabajo articulado.<\/p>\n\n\n\n<p>\u201cPor eso, en consulta previa, con los se\u00f1ores secretarios de Puebla y de Tlaxcala, hemos acordado que el primer paso que vamos a dar\u201d, para que los resultados sean inmediatos, es que los responsables de Seguridad se vinculen y coordinen esfuerzos.<\/p>\n\n\n\n<p>Olivares Reyna anunci\u00f3 la firma de un convenio marco, dicho acuerdo incluir\u00e1 a los presidentes municipales de los municipios colindantes, para que ellos se sientan con la confianza y la seguridad de que ser\u00e1n respaldados, pero sobre todo, \u201cque habr\u00e1 rectitud, compromiso y cero simulaciones\u201d.<\/p>\n\n\n\n<p>Salvador Cruz Neri,&nbsp; secretario de Seguridad P\u00fablica de Hidalgo, comparti\u00f3 el diagn\u00f3stico delictivo de la zona colindante en la cual el huachicol es la principal actividad que atenta contra la paz y la seguridad de los habitantes de la regi\u00f3n.<\/p>\n\n\n\n<p>Cruz Neri mencion\u00f3 que no porque el delito empiece en otro estado, no se va a dar seguimiento, los delitos no tienen fronteras y las acciones para combatirlas tampoco las tendr\u00e1n; por ello, exhort\u00f3 al trabajo colaborativo interestatal para frenar a la delincuencia.&nbsp;<\/p>\n\n\n\n<p>El secretario de seguridad de Puebla, Daniel Iv\u00e1n Cruz, ponder\u00f3 la transcendencia de fortalecer los cuerpos policiales municipales y estatales para que est\u00e9n a la altura de combatir el robo de transporte.<\/p>\n","protected":false},"excerpt":{"rendered":"<p>La Mesa, comunidad de Acaxochitl\u00e1n, fue sede de la \u201cReuni\u00f3n de coordinaci\u00f3n interregional para la construcci\u00f3n de paz y seguridad\u201d en la que participaron representantes de los gobiernos de Hidalgo, Puebla y Tlaxcala, para tratar delitos federales del fuero com\u00fan como lo es la tala clandestina, robo y trasiego de hidrocarburos, narcomenudeo, robo a transportistas, [&hellip;]<\/p>\n","protected":false},"author":93,"featured_media":249732,"comment_status":"closed","ping_status":"closed","sticky":false,"template":"","format":"standard","meta":{"footnotes":""},"categories":[59],"tags":[],"class_list":["post-249730","post","type-post","status-publish","format-standard","has-post-thumbnail","hentry","category-general"],"_links":{"self":[{"href":"https:\/\/plazajuarez.mx\/historico\/wp-json\/wp\/v2\/posts\/249730","targetHints":{"allow":["GET"]}}],"collection":[{"href":"https:\/\/plazajuarez.mx\/historico\/wp-json\/wp\/v2\/posts"}],"about":[{"href":"https:\/\/plazajuarez.mx\/historico\/wp-json\/wp\/v2\/types\/post"}],"author":[{"embeddable":true,"href":"https:\/\/plazajuarez.mx\/historico\/wp-json\/wp\/v2\/users\/93"}],"replies":[{"embeddable":true,"href":"https:\/\/plazajuarez.mx\/historico\/wp-json\/wp\/v2\/comments?post=249730"}],"version-history":[{"count":0,"href":"https:\/\/plazajuarez.mx\/historico\/wp-json\/wp\/v2\/posts\/249730\/revisions"}],"wp:featuredmedia":[{"embeddable":true,"href":"https:\/\/plazajuarez.mx\/historico\/wp-json\/wp\/v2\/media\/249732"}],"wp:attachment":[{"href":"https:\/\/plazajuarez.mx\/historico\/wp-json\/wp\/v2\/media?parent=249730"}],"wp:term":[{"taxonomy":"category","embeddable":true,"href":"https:\/\/plazajuarez.mx\/historico\/wp-json\/wp\/v2\/categories?post=249730"},{"taxonomy":"post_tag","embeddable":true,"href":"https:\/\/plazajuarez.mx\/historico\/wp-json\/wp\/v2\/tags?post=249730"}],"curies":[{"name":"wp","href":"https:\/\/api.w.org\/{rel}","templated":true}]}}