{"id":249727,"date":"2023-02-09T22:27:42","date_gmt":"2023-02-10T04:27:42","guid":{"rendered":"https:\/\/plazajuarez.mx\/?p=249727"},"modified":"2023-02-09T22:27:48","modified_gmt":"2023-02-10T04:27:48","slug":"realizaran-cabalgata-de-la-amistad-para-estrechar-lazos","status":"publish","type":"post","link":"https:\/\/plazajuarez.mx\/historico\/realizaran-cabalgata-de-la-amistad-para-estrechar-lazos\/","title":{"rendered":"Realizar\u00e1n \u201ccabalgata de la amistad\u201d para estrechar lazos"},"content":{"rendered":"\n<p><strong>HUAZALINGO<\/strong>.- Autoridades municipales de Huazalingo han organizado una cabalgata con el objetivo de estrechar lazos de amistad y tener una convivencia, en el marco de los festejos del \u201cDia del amor y la amistad\u201d, el pr\u00f3ximo 14 de febrero.<\/p>\n\n\n\n<p>La cabalgata se realizar\u00e1 ma\u00f1ana, en punto de las 10:00 horas, siendo el punto de reuni\u00f3n el entronque de la localidad Tochintl\u00e1n y de ah\u00ed se partir\u00e1 a la cabecera municipal de Huazalingo.<\/p>\n\n\n\n<p>Cabe mencionar que en esta actividad se espera la participaci\u00f3n de m\u00e1s de cien jinetes, ya que la invitaci\u00f3n es abierta a la ciudadan\u00eda en general.<\/p>\n","protected":false},"excerpt":{"rendered":"<p>HUAZALINGO.- Autoridades municipales de Huazalingo han organizado una cabalgata con el objetivo de estrechar lazos de amistad y tener una convivencia, en el marco de los festejos del \u201cDia del amor y la amistad\u201d, el pr\u00f3ximo 14 de febrero. La cabalgata se realizar\u00e1 ma\u00f1ana, en punto de las 10:00 horas, siendo el punto de reuni\u00f3n [&hellip;]<\/p>\n","protected":false},"author":76,"featured_media":249728,"comment_status":"closed","ping_status":"closed","sticky":false,"template":"","format":"standard","meta":{"footnotes":""},"categories":[59],"tags":[],"class_list":["post-249727","post","type-post","status-publish","format-standard","has-post-thumbnail","hentry","category-general"],"_links":{"self":[{"href":"https:\/\/plazajuarez.mx\/historico\/wp-json\/wp\/v2\/posts\/249727","targetHints":{"allow":["GET"]}}],"collection":[{"href":"https:\/\/plazajuarez.mx\/historico\/wp-json\/wp\/v2\/posts"}],"about":[{"href":"https:\/\/plazajuarez.mx\/historico\/wp-json\/wp\/v2\/types\/post"}],"author":[{"embeddable":true,"href":"https:\/\/plazajuarez.mx\/historico\/wp-json\/wp\/v2\/users\/76"}],"replies":[{"embeddable":true,"href":"https:\/\/plazajuarez.mx\/historico\/wp-json\/wp\/v2\/comments?post=249727"}],"version-history":[{"count":0,"href":"https:\/\/plazajuarez.mx\/historico\/wp-json\/wp\/v2\/posts\/249727\/revisions"}],"wp:featuredmedia":[{"embeddable":true,"href":"https:\/\/plazajuarez.mx\/historico\/wp-json\/wp\/v2\/media\/249728"}],"wp:attachment":[{"href":"https:\/\/plazajuarez.mx\/historico\/wp-json\/wp\/v2\/media?parent=249727"}],"wp:term":[{"taxonomy":"category","embeddable":true,"href":"https:\/\/plazajuarez.mx\/historico\/wp-json\/wp\/v2\/categories?post=249727"},{"taxonomy":"post_tag","embeddable":true,"href":"https:\/\/plazajuarez.mx\/historico\/wp-json\/wp\/v2\/tags?post=249727"}],"curies":[{"name":"wp","href":"https:\/\/api.w.org\/{rel}","templated":true}]}}