{"id":249724,"date":"2023-02-09T22:26:14","date_gmt":"2023-02-10T04:26:14","guid":{"rendered":"https:\/\/plazajuarez.mx\/?p=249724"},"modified":"2023-02-09T22:26:22","modified_gmt":"2023-02-10T04:26:22","slug":"fue-instalado-consejo-ejecutivo-municipal-de-seguridad-publica-de-tulancingo","status":"publish","type":"post","link":"https:\/\/plazajuarez.mx\/historico\/fue-instalado-consejo-ejecutivo-municipal-de-seguridad-publica-de-tulancingo\/","title":{"rendered":"FUE INSTALADO CONSEJO EJECUTIVO MUNICIPAL DE SEGURIDAD P\u00daBLICA\u00a0DE TULANCINGO"},"content":{"rendered":"\n<p>Para refrendar el trabajo coordinado y permanente entre los tres \u00f3rdenes de gobierno y as\u00ed&nbsp; mantener y mejorar la seguridad publica en la entidad Hidalguense, este 8 de febrero fue instalado el Consejo Ejecutivo Municipal de Seguridad P\u00fablica de Tulancingo, que fungir\u00e1 como instancia de enlace e igualmente como un organismo de estudio y de&nbsp; planeaci\u00f3n a programas y pol\u00edticas p\u00fablicas.&nbsp;<\/p>\n\n\n\n<p>El evento de instalaci\u00f3n tuvo como sede al centro c\u00edvico social de Tulancingo, y con ello se da cumplimiento a ampliar alcances de prevenci\u00f3n social de la violencia y la delincuencia a trav\u00e9s del fortalecimiento en el estado de fuerza.<\/p>\n\n\n\n<p>En su mensaje, el presidente Jorge M\u00e1rquez Alvarado celebr\u00f3 que con atinadas acciones como la hoy ejecutada, se seguir\u00e1 avanzando en la disminuci\u00f3n de incidencia delictiva y salvaguardar&nbsp; la seguridad de los Tulancinguenses&nbsp; e hidalguenses.<\/p>\n\n\n\n<p>Este consejo ser\u00e1 presidido justamente por al alcalde Jorge M\u00e1rquez Alvarado y le acompa\u00f1aran en la encomienda el secretario de Seguridad Ciudadana Rafael Guerrero G\u00f3mez, as\u00ed como el titular de SP Jos\u00e9 Guadalupe Carrillo Navarrete, y el regidor Ricardo Islas L\u00f3pez, presidente de la Comisi\u00f3n de SP del Ayuntamiento.<\/p>\n\n\n\n<p>De igual manera, la maestra Claudia Espinosa Castillo, quien asume el cargo de Secretaria Ejecutiva del Consejo Municipal.&nbsp;<\/p>\n\n\n\n<p>La toma de protesta&nbsp; del referido consejo,&nbsp; fue realizada por&nbsp; Carlos Emigdio Arozqueta Sol\u00eds, Secretario Ejecutivo del Consejo Estatal de Seguridad P\u00fablica, quien dijo que otro de los beneficios de este importante paso, ser\u00e1 dignificar las condiciones laborales de los efectivos municipales, a fin de mejorar su desempe\u00f1o.<\/p>\n\n\n\n<p>En su oportunidad, el subsecretario de Prevenci\u00f3n y Coordinaci\u00f3n Institucional, y representante de la Secretar\u00eda de SP de Hidalgo Alejandro Z\u00fa\u00f1iga Ortega, enter\u00f3 que este ejercicio de instalaci\u00f3n ser\u00e1 replicado en toda la entidad Hidalguense&nbsp; a fin de que se construya una nueva etapa de&nbsp; productividad, con m\u00e1s resultados para afianzar al estado,&nbsp; como una demarcaci\u00f3n con paz social.<\/p>\n\n\n\n<p>Fue as\u00ed como se desarroll\u00f3 este evento acord\u00e1ndose que en fecha pr\u00f3xima comenzar\u00e1 el programa de sesiones; la ordinaria ser\u00e1 cada semestre y las extraordinarias, las veces que as\u00ed se requiera.<\/p>\n","protected":false},"excerpt":{"rendered":"<p>Para refrendar el trabajo coordinado y permanente entre los tres \u00f3rdenes de gobierno y as\u00ed&nbsp; mantener y mejorar la seguridad publica en la entidad Hidalguense, este 8 de febrero fue instalado el Consejo Ejecutivo Municipal de Seguridad P\u00fablica de Tulancingo, que fungir\u00e1 como instancia de enlace e igualmente como un organismo de estudio y de&nbsp; [&hellip;]<\/p>\n","protected":false},"author":93,"featured_media":249725,"comment_status":"closed","ping_status":"closed","sticky":false,"template":"","format":"standard","meta":{"footnotes":""},"categories":[2159,40],"tags":[],"class_list":["post-249724","post","type-post","status-publish","format-standard","has-post-thumbnail","hentry","category-noticias-de-hidalgo","category-region"],"_links":{"self":[{"href":"https:\/\/plazajuarez.mx\/historico\/wp-json\/wp\/v2\/posts\/249724","targetHints":{"allow":["GET"]}}],"collection":[{"href":"https:\/\/plazajuarez.mx\/historico\/wp-json\/wp\/v2\/posts"}],"about":[{"href":"https:\/\/plazajuarez.mx\/historico\/wp-json\/wp\/v2\/types\/post"}],"author":[{"embeddable":true,"href":"https:\/\/plazajuarez.mx\/historico\/wp-json\/wp\/v2\/users\/93"}],"replies":[{"embeddable":true,"href":"https:\/\/plazajuarez.mx\/historico\/wp-json\/wp\/v2\/comments?post=249724"}],"version-history":[{"count":0,"href":"https:\/\/plazajuarez.mx\/historico\/wp-json\/wp\/v2\/posts\/249724\/revisions"}],"wp:featuredmedia":[{"embeddable":true,"href":"https:\/\/plazajuarez.mx\/historico\/wp-json\/wp\/v2\/media\/249725"}],"wp:attachment":[{"href":"https:\/\/plazajuarez.mx\/historico\/wp-json\/wp\/v2\/media?parent=249724"}],"wp:term":[{"taxonomy":"category","embeddable":true,"href":"https:\/\/plazajuarez.mx\/historico\/wp-json\/wp\/v2\/categories?post=249724"},{"taxonomy":"post_tag","embeddable":true,"href":"https:\/\/plazajuarez.mx\/historico\/wp-json\/wp\/v2\/tags?post=249724"}],"curies":[{"name":"wp","href":"https:\/\/api.w.org\/{rel}","templated":true}]}}