{"id":2497,"date":"2015-03-20T06:00:00","date_gmt":"2015-03-20T06:00:00","guid":{"rendered":"http:\/\/plazajuarez.mx\/index\/index.php\/2015\/03\/20\/futbol-internacional-30\/"},"modified":"2015-03-20T06:00:00","modified_gmt":"2015-03-20T06:00:00","slug":"futbol-internacional-30","status":"publish","type":"post","link":"https:\/\/plazajuarez.mx\/historico\/futbol-internacional-30\/","title":{"rendered":"Futbol Internacional"},"content":{"rendered":"<p>Luis Enrique retoma pr\u00e1cticas de Guardiola en el Bar\u00e7a \u00a0\u00a0<\/p>\n<p>Barcelona se enfrenta al Real Madrid en el cl\u00e1sico de Espa\u00f1a, el pr\u00f3ximo domingo en el Camp Nou. Los catalanes buscan vencer al cuadro merengue y ampliar la ventaja que tienen en el liderato de la Liga.<\/p>\n<p>  <!--more-->  <\/p>\n<p>\u00a0<\/p>\n<p>Luis Enrique ha encontrado la f\u00f3rmula exacta para que sus jugadores desplieguen su mejor nivel y desarrollo futbol\u00edstico en el terreno de juego en los \u00faltimos dos meses. Sin embargo el t\u00e9cnico asturiano ha adoptado diversas de las rutinas que aplic\u00f3 en su momento en el banquillo blaugrana Josep Guardiola, rutinas que catapultaron al equipo espa\u00f1ol como el mejor club del mundo.<\/p>\n<p>El actual entrenador del Barcelona decidi\u00f3 darles ayer jueves el d\u00eda libre a sus jugadores, despu\u00e9s del partido del mi\u00e9rcoles, donde consiguieron el pase a los cuartos de final de la Champions League.<\/p>\n<p>Guardiola en su \u00e9poca como timonel implement\u00f3 y puso de moda dicha pr\u00e1ctica, para que sus jugadores se relajaran antes de los grandes compromisos. Luis Enrique ha optado por elegir la misma f\u00f3rmula de &#8220;Pep&#8221;.<\/p>\n<p>Luis Enrique y el actual entrenador del Bayer M\u00fanich fueron compa\u00f1eros en el Barcelona. Cuando Guardiola era t\u00e9cnico del Barca, recomend\u00f3 al ex delantero asturiano para que se hiciera cargo de las fuerzas inferiores del equipo catal\u00e1n.<\/p>\n<p>\u00a0<\/p>\n<p>Cristiano Ronaldo, a la MLS en 2018, asegura revista<\/p>\n<p>\u00a0<\/p>\n<p>Seg\u00fan la revista estadounidense &#8220;Sports Illustrated&#8221;, el astro portugu\u00e9s del Real Madrid, Cristiano Ronaldo, emigrar\u00e1 al futbol de Estados Unidos cuando finalice su actual contrato con el equipo blanco, en junio de 2018.<\/p>\n<p>La publicaci\u00f3n cita como posibles destinos de Cristiano, las ciudades de Nueva York o Los \u00c1ngeles. En la primera sede podr\u00eda jugar con los Red Bulls o con el New York City, el equipo de David Villa, ambos en la m\u00e1xima categor\u00eda de la MLS.<\/p>\n<p>Otra opci\u00f3n ser\u00eda el Cosmos de Ra\u00fal, que milita en la segunda categor\u00eda del llamado soccer, mientras que en Los \u00c1ngeles ser\u00eda con el Galaxy.<\/p>\n<p>El delantero del cuadro merengue se encuentra actualmente bajo contrato con la escuadra del Real Madrid, y no se ha mencionado nada acerca de una eventual salida.<\/p>\n<p>\u00a0<\/p>\n<p>FIFA dio a conocer fecha de la Final en Qatar 2022<\/p>\n<p>\u00a0<\/p>\n<p>Pese a la pol\u00e9mica generada, la FIFA determin\u00f3 que el Mundial de Qatar 2022 s\u00ed se jugar\u00e1 en el final del oto\u00f1o durante los meses de noviembre y diciembre, incluso ya dio a conocer la fecha en que se disputar\u00e1 la Gran Final: ser\u00e1 el 18 de diciembre.<\/p>\n<p>\u00a0<\/p>\n<p>Esta fecha coincide con la celebraci\u00f3n del D\u00eda Nacional del Pa\u00eds qatar\u00ed.<\/p>\n<p>\u00a0<\/p>\n<p>La FIFA tom\u00f3 la decisi\u00f3n ayer jueves en una reuni\u00f3n ejecutiva que se realiza en Zurich, Suiza.<\/p>\n<p>\u00a0<\/p>\n<p>&#8220;El Comit\u00e9 Ejecutivo confirm\u00f3 que el 2022 FIFA World Cup tendr\u00e1 lugar en noviembre \/ diciembre con la Final para el 18 de diciembre 2022, el D\u00eda Nacional de Qatar&#8221;, mencion\u00f3 en un comunicado.<\/p>\n<p>\u00a0<\/p>\n<p>Esta resoluci\u00f3n fue debida a las altas temperaturas que se presentan el verano en esta naci\u00f3n asi\u00e1tica.<\/p>\n<p>\u00a0<\/p>\n<p>&#8220;El grupo de trabajo para el calendario internacional de partidos se reunir\u00e1 a su debido tiempo para finalizar el ciclo 2019-2022&#8221;, cit\u00f3 la FIFA.<\/p>\n","protected":false},"excerpt":{"rendered":"<p>Luis Enrique retoma pr\u00e1cticas de Guardiola en el Bar\u00e7a \u00a0\u00a0 Barcelona se enfrenta al Real Madrid en el cl\u00e1sico de Espa\u00f1a, el pr\u00f3ximo domingo en el Camp Nou. Los catalanes buscan vencer al cuadro merengue y ampliar la ventaja que tienen en el liderato de la Liga.<\/p>\n","protected":false},"author":93,"featured_media":0,"comment_status":"open","ping_status":"open","sticky":false,"template":"","format":"standard","meta":{"footnotes":""},"categories":[39],"tags":[],"class_list":["post-2497","post","type-post","status-publish","format-standard","hentry","category-deportiva"],"_links":{"self":[{"href":"https:\/\/plazajuarez.mx\/historico\/wp-json\/wp\/v2\/posts\/2497","targetHints":{"allow":["GET"]}}],"collection":[{"href":"https:\/\/plazajuarez.mx\/historico\/wp-json\/wp\/v2\/posts"}],"about":[{"href":"https:\/\/plazajuarez.mx\/historico\/wp-json\/wp\/v2\/types\/post"}],"author":[{"embeddable":true,"href":"https:\/\/plazajuarez.mx\/historico\/wp-json\/wp\/v2\/users\/93"}],"replies":[{"embeddable":true,"href":"https:\/\/plazajuarez.mx\/historico\/wp-json\/wp\/v2\/comments?post=2497"}],"version-history":[{"count":0,"href":"https:\/\/plazajuarez.mx\/historico\/wp-json\/wp\/v2\/posts\/2497\/revisions"}],"wp:attachment":[{"href":"https:\/\/plazajuarez.mx\/historico\/wp-json\/wp\/v2\/media?parent=2497"}],"wp:term":[{"taxonomy":"category","embeddable":true,"href":"https:\/\/plazajuarez.mx\/historico\/wp-json\/wp\/v2\/categories?post=2497"},{"taxonomy":"post_tag","embeddable":true,"href":"https:\/\/plazajuarez.mx\/historico\/wp-json\/wp\/v2\/tags?post=2497"}],"curies":[{"name":"wp","href":"https:\/\/api.w.org\/{rel}","templated":true}]}}