{"id":2494,"date":"2015-03-20T06:00:00","date_gmt":"2015-03-20T06:00:00","guid":{"rendered":"http:\/\/plazajuarez.mx\/index\/index.php\/2015\/03\/20\/deportes-internacional-25\/"},"modified":"2015-03-20T06:00:00","modified_gmt":"2015-03-20T06:00:00","slug":"deportes-internacional-25","status":"publish","type":"post","link":"https:\/\/plazajuarez.mx\/historico\/deportes-internacional-25\/","title":{"rendered":"Deportes Internacional"},"content":{"rendered":"<p>Djokovic clasifica a cuartos de final en Indian Wells<\/p>\n<p>\u00a0<\/p>\n<p>El tenista serbio Novak Djokovic se clasific\u00f3 ayer a cuartos de final en el Masters 1000 de Indian Wells, en California, tras derrotar al estadunidense John Isner por 6-4 y 7-6 (5).<\/p>\n<p>  <!--more-->  <\/p>\n<p>\u00a0<\/p>\n<p>\u00a0<\/p>\n<p>Por segundo a\u00f1o consecutivo, en la misma ronda y con el mismo rival, el n\u00famero uno del ATP repiti\u00f3 el triunfo y elimin\u00f3 al estadunidense, que se posiciona en el lugar 20 del mundo. El europeo conect\u00f3 menos golpes ganadores (-17) que Isner (26), cometi\u00f3 -11 errores no forzados por los 33 del americano, salv\u00f3 dos opciones de break que concedi\u00f3 y aprovech\u00f3 una de las dos que dispuso.<\/p>\n<p>\u00a0<\/p>\n<p>De las \u00faltimas 10 ediciones del torneo, Novak ha pasado a cuartos por octava vez y suma 138 semanas de ser el mejor jugador del mundo; est\u00e1 a tan s\u00f3lo 21 d\u00edas de igualar a Rafael Nadal, aunque el r\u00e9cord absoluto sigue siendo de Roger Federer, con 302 semanas en el primer lugar.<\/p>\n<p>\u00a0<\/p>\n<p>Adem\u00e1s del serbio Djokovic, el espa\u00f1ol Rafael Nadal, el suizo Roger Federer y el escoc\u00e9s Andy Murray lograron pasar a la siguiente ronda, donde ser\u00e1 el primer a\u00f1o que se junta el famoso Big Four de este deporte.<\/p>\n<p>\u00a0<\/p>\n<p>El serbio tendr\u00e1 la posibilidad de lograr el t\u00edtulo n\u00famero 50 y convertirse en el duod\u00e9cimo jugador de la Era Open en alcanzar esta cifra.<\/p>\n<p>\u00a0<\/p>\n<p>Alemania, a un paso de perder su GP de F\u00f3rmula Uno<\/p>\n<p>\u00a0<\/p>\n<p>Alemania qued\u00f3 pr\u00e1cticamente condenada a quedarse sin un Gran Premio de F\u00f3rmula Uno por primera vez en m\u00e1s de medio siglo despu\u00e9s de que el circuito de N\u00fcrburgring\u00a0 anunci\u00f3 ayer que no puede acoger este a\u00f1o la prueba.<\/p>\n<p>\u00a0<\/p>\n<p>El portavoz de N\u00fcrburgring, Pietro Nuvoloni, adelant\u00f3 a la agencia dpa que los organizadores no llegaron a un acuerdo con el jefe de la F\u00f3rmula 1, Bernie Ecclestone. Tambi\u00e9n el trazado de Hockenheim anunci\u00f3 esta semana que no puede organizar el evento.<\/p>\n<p>\u00a0<\/p>\n<p>Nuvoloni argument\u00f3 que Ecclestone sigue sin decidirse por el circuito desde hace meses. &#8220;Llegamos a la conclusi\u00f3n de que ya no tiene sentido seguir esperando, por motivos de tiempo, organizaci\u00f3n y econ\u00f3micos&#8221; explic\u00f3.<\/p>\n<p>\u00a0<\/p>\n<p>Los dos circuitos vienen reparti\u00e9ndose cada a\u00f1o el Gran Premio de Alemania, que en 2015 deb\u00eda organizarse en N\u00fcrburgring el 19 de julio. Los problemas financieros y las demoras en las negociaciones frustraron ambas opciones, por lo que la carrera tendr\u00e1 que eliminarse del calendario a menos que aparezca una soluci\u00f3n de \u00faltimo momento. El \u00faltimo a\u00f1o sin un Gran Premio de Alemania fue 1960.<\/p>\n<p>\u00a0<\/p>\n<p>La posible cancelaci\u00f3n coincide con una constante ca\u00edda de asistencia a las pruebas de F\u00f3rmula 1 en Alemania y de espectadores que siguen las transmisiones por televisi\u00f3n. El pa\u00eds del legendario heptacampe\u00f3n Michael Schumacher tiene a\u00fan tres pilotos en la parrilla, incluido al tetracampe\u00f3n<\/p>\n<p>Sebastian Vettel y al subcampe\u00f3n Nico Rosberg, y domina la categor\u00eda reina del motor con la escuder\u00eda Mercedes, en donde corren Rosberg y el campe\u00f3n Lewis Hamilton.<\/p>\n<p>\u00a0<\/p>\n<h1>Obama eligi\u00f3 favorito al t\u00edtulo de NCAAB<\/h1>\n<p>\u00a0<\/p>\n<p>El Presidente de Estados Unidos Barack Obama se sum\u00f3 a la &#8220;March Madness&#8221; y revel\u00f3 su quiniela para el Torneo de Basquetbol de la NCAA, donde su favorito es el sembrado n\u00famero uno en la naci\u00f3n, Kentucky.<\/p>\n<p>Por &#8220;decreto&#8221; presidencial, los Wildcats vencer\u00e1n a Arizona en las Semifinales de los Final Four y despu\u00e9s derrotar\u00e1n a Villanova en el duelo por la corona.<\/p>\n<p>La sorpresa ser\u00eda el n\u00famero 10 en la Regi\u00f3n Sur. Seg\u00fan el mandatario, Davidson tiene posibilidades de tumbar al 2 de la zona, Gonzaga, y meterse hasta la tercera ronda.<\/p>\n<p>Desde que asumi\u00f3 la presidencia en 2009, Obama no ha faltado a la cita y a\u00f1o con a\u00f1o presenta sus pron\u00f3sticos. El a\u00f1o pasado puso a Michigan State y Louisville en la Final. Ninguno de los dos lleg\u00f3 y el dirigente termin\u00f3 en el percentil 72.9 dentro de la clasificaci\u00f3n.<\/p>\n<p>La \u00faltima vez que el Presidente le atin\u00f3 al Campe\u00f3n fue justamente en 2009, cuando se impuso North Carolina.<\/p>\n<p>\u00a0<\/p>\n","protected":false},"excerpt":{"rendered":"<p>Djokovic clasifica a cuartos de final en Indian Wells \u00a0 El tenista serbio Novak Djokovic se clasific\u00f3 ayer a cuartos de final en el Masters 1000 de Indian Wells, en California, tras derrotar al estadunidense John Isner por 6-4 y 7-6 (5).<\/p>\n","protected":false},"author":93,"featured_media":0,"comment_status":"open","ping_status":"open","sticky":false,"template":"","format":"standard","meta":{"footnotes":""},"categories":[39],"tags":[],"class_list":["post-2494","post","type-post","status-publish","format-standard","hentry","category-deportiva"],"_links":{"self":[{"href":"https:\/\/plazajuarez.mx\/historico\/wp-json\/wp\/v2\/posts\/2494","targetHints":{"allow":["GET"]}}],"collection":[{"href":"https:\/\/plazajuarez.mx\/historico\/wp-json\/wp\/v2\/posts"}],"about":[{"href":"https:\/\/plazajuarez.mx\/historico\/wp-json\/wp\/v2\/types\/post"}],"author":[{"embeddable":true,"href":"https:\/\/plazajuarez.mx\/historico\/wp-json\/wp\/v2\/users\/93"}],"replies":[{"embeddable":true,"href":"https:\/\/plazajuarez.mx\/historico\/wp-json\/wp\/v2\/comments?post=2494"}],"version-history":[{"count":0,"href":"https:\/\/plazajuarez.mx\/historico\/wp-json\/wp\/v2\/posts\/2494\/revisions"}],"wp:attachment":[{"href":"https:\/\/plazajuarez.mx\/historico\/wp-json\/wp\/v2\/media?parent=2494"}],"wp:term":[{"taxonomy":"category","embeddable":true,"href":"https:\/\/plazajuarez.mx\/historico\/wp-json\/wp\/v2\/categories?post=2494"},{"taxonomy":"post_tag","embeddable":true,"href":"https:\/\/plazajuarez.mx\/historico\/wp-json\/wp\/v2\/tags?post=2494"}],"curies":[{"name":"wp","href":"https:\/\/api.w.org\/{rel}","templated":true}]}}