{"id":2493,"date":"2015-03-20T06:00:00","date_gmt":"2015-03-20T06:00:00","guid":{"rendered":"http:\/\/plazajuarez.mx\/index\/index.php\/2015\/03\/20\/grave-accidente-de-pequeno-de-seis-anos-el-auto-le-paso-encima-del-rostro\/"},"modified":"2015-03-20T06:00:00","modified_gmt":"2015-03-20T06:00:00","slug":"grave-accidente-de-pequeno-de-seis-anos-el-auto-le-paso-encima-del-rostro","status":"publish","type":"post","link":"https:\/\/plazajuarez.mx\/historico\/grave-accidente-de-pequeno-de-seis-anos-el-auto-le-paso-encima-del-rostro\/","title":{"rendered":"Grave accidente de peque\u00f1o de seis  A\u00f1os; el auto le paso encima del rostro"},"content":{"rendered":"<p><strong>Tula de Allende<\/strong><\/p>\n<ul>\n<li><strong>Su mam\u00e1 dej\u00f3 el auto en una pendiente a la salida de su casa; aparentemente no le puso el freno de mano <\/strong><\/li>\n<li><strong>La unidad empez\u00f3 a deslizarse\u2026 el peque\u00f1ito quiso detenerla para que no cayera al canal <\/strong><\/li>\n<li><strong><strong>El chaparrito sufri\u00f3 traumatismo craneoencef\u00e1lico<\/strong><\/strong> <!--more--> <\/li>\n<\/ul>\n<p>Menor de seis a\u00f1os resulta gravemente herido, al intentar detener el veh\u00edculo que minutos antes hab\u00eda dejado estacionado su mam\u00e1 en una pendiente para evitar que cayera a un canal, el carro le paso encima del rostro.<\/p>\n<p>\u00a0<\/p>\n<p>Los hechos ocurrieron cerca de las dos de la tarde\u00a0 de ayer en la comunidad de Juli\u00e1n Villagr\u00e1n en la calle Tl\u00e1loc.<\/p>\n<p>\u00a0<\/p>\n<p>De acuerdo al reporte de uniformados de la Polic\u00eda Municipal de Tula que tomaron conocimiento de los hechos, la propietaria del veh\u00edculo Renault Megane con placas de circulaci\u00f3n 923 UNU, del Distrito Federal, color azul marino, lleg\u00f3 corriendo, estacion\u00f3 su unidad a fuera de su casa e ingres\u00f3 dejando a su peque\u00f1o hijo afuera del domicilio.<\/p>\n<p>\u00a0<\/p>\n<p>Se presume que al carro no le coloc\u00f3 el freno de mano y que al haber estado estacionado en una peque\u00f1a pendiente, origin\u00f3 que se fuera de reversa, por lo que al observar el peque\u00f1o que la unidad de su madre caer\u00eda al canal que se ubica a la orilla del domicilio, intent\u00f3 detenerlo siendo arrollado.<\/p>\n<p>\u00a0<\/p>\n<p>Los vecinos del lugar comentaron que de pronto escucharon gritos del menor de nombre Jos\u00e9 Luis y salieron corriendo, pero que no les dio tiempo de hacer nada, ya que una de las llantas le pas\u00f3 encima de su rostro.<\/p>\n<p>\u00a0<\/p>\n<p>La unidad al haber tomado velocidad cay\u00f3 al canal que llevaba poca agua, dijeron que de inmediato sali\u00f3 Elvira Villegas, al ver accidentado a su peque\u00f1o lo tom\u00f3 en sus brazos y con el apoyo de los vecinos por sus propios medios lo trasladaron al Hospital Regional Tula-Tepeji donde su estado de salud se reporta como grave, \u00a0al haber sufrido traumatismo craneoencef\u00e1lico.<\/p>\n<p>\u00a0<\/p>\n<p>De los hechos tom\u00f3 conocimiento Protecci\u00f3n Civil y Bomberos de Tula, as\u00ed como uniformados de la Polic\u00eda Municipal quienes solicitaron el apoyo de una gr\u00faa para rescatar la unidad que sufri\u00f3 da\u00f1os menores en su carrocer\u00eda.<\/p>\n","protected":false},"excerpt":{"rendered":"<p>Tula de Allende Su mam\u00e1 dej\u00f3 el auto en una pendiente a la salida de su casa; aparentemente no le puso el freno de mano La unidad empez\u00f3 a deslizarse\u2026 el peque\u00f1ito quiso detenerla para que no cayera al canal El chaparrito sufri\u00f3 traumatismo craneoencef\u00e1lico<\/p>\n","protected":false},"author":93,"featured_media":0,"comment_status":"open","ping_status":"open","sticky":false,"template":"","format":"standard","meta":{"footnotes":""},"categories":[40],"tags":[],"class_list":["post-2493","post","type-post","status-publish","format-standard","hentry","category-region"],"_links":{"self":[{"href":"https:\/\/plazajuarez.mx\/historico\/wp-json\/wp\/v2\/posts\/2493","targetHints":{"allow":["GET"]}}],"collection":[{"href":"https:\/\/plazajuarez.mx\/historico\/wp-json\/wp\/v2\/posts"}],"about":[{"href":"https:\/\/plazajuarez.mx\/historico\/wp-json\/wp\/v2\/types\/post"}],"author":[{"embeddable":true,"href":"https:\/\/plazajuarez.mx\/historico\/wp-json\/wp\/v2\/users\/93"}],"replies":[{"embeddable":true,"href":"https:\/\/plazajuarez.mx\/historico\/wp-json\/wp\/v2\/comments?post=2493"}],"version-history":[{"count":0,"href":"https:\/\/plazajuarez.mx\/historico\/wp-json\/wp\/v2\/posts\/2493\/revisions"}],"wp:attachment":[{"href":"https:\/\/plazajuarez.mx\/historico\/wp-json\/wp\/v2\/media?parent=2493"}],"wp:term":[{"taxonomy":"category","embeddable":true,"href":"https:\/\/plazajuarez.mx\/historico\/wp-json\/wp\/v2\/categories?post=2493"},{"taxonomy":"post_tag","embeddable":true,"href":"https:\/\/plazajuarez.mx\/historico\/wp-json\/wp\/v2\/tags?post=2493"}],"curies":[{"name":"wp","href":"https:\/\/api.w.org\/{rel}","templated":true}]}}