{"id":2491,"date":"2015-03-20T06:00:00","date_gmt":"2015-03-20T06:00:00","guid":{"rendered":"http:\/\/plazajuarez.mx\/index\/index.php\/2015\/03\/20\/funcionario-municipal-es-denunciado-por-agresiones-fisicas-y-verbales\/"},"modified":"2015-03-20T06:00:00","modified_gmt":"2015-03-20T06:00:00","slug":"funcionario-municipal-es-denunciado-por-agresiones-fisicas-y-verbales","status":"publish","type":"post","link":"https:\/\/plazajuarez.mx\/historico\/funcionario-municipal-es-denunciado-por-agresiones-fisicas-y-verbales\/","title":{"rendered":"Funcionario municipal es denunciado  por agresiones f\u00edsicas y verbales"},"content":{"rendered":"<p><strong>Tlaxcoapan<\/strong><\/p>\n<ul>\n<li><strong>Vecinos de la comunidad de Doxey aseguran que al preguntarle el por qu\u00e9 hab\u00eda retirado el <\/strong><strong><strong>recurso humano de los jardines de la localidad y del pante\u00f3n, el funcionario se molest\u00f3 y comenz\u00f3 a agredirlos<\/strong><\/strong> <!--more--> <\/li>\n<\/ul>\n<p>Ra\u00fal Cano Mart\u00ednez, director de Servicios P\u00fablicos del Municipio de Tlaxcoapan, fue denunciado ante la Unidad de Atenci\u00f3n Temprana ante el Ministerio P\u00fablico por vecinos de la comunidad de Doxey, por los delitos de amenazas, lesiones y lo que resulte, por lo que se dio inicio a la averiguaci\u00f3n previa 16\/Tlax\/II\/147\/2015.<\/p>\n<p>\u00a0<\/p>\n<p>De acuerdo a los afectados, Francisco Lara, Celia Mart\u00ednez Alonso y el delegado de la comunidad de Doxey, Ignacio Mart\u00ednez Hern\u00e1ndez, el servidor p\u00fablico los amenaz\u00f3 y agredi\u00f3 tanto de manera verbal como f\u00edsica, por lo que pidieron el apoyo de la polic\u00eda municipal quien asegur\u00f3 al funcionario, en tanto ellos interpon\u00edan la denuncia correspondiente en la Unidad de Atenci\u00f3n Temprana.<\/p>\n<p>Los quejosos se\u00f1alaron que todo se dio cuando el delegado de la comunidad acudi\u00f3 a preguntarle por qu\u00e9 hab\u00eda retirado el recurso humano de los jardines de la localidad y del pante\u00f3n, y que al no parecerle el cuestionamiento comenz\u00f3 amenazarlos, pasando despu\u00e9s a las agresiones verbales y f\u00edsicas<\/p>\n<p>Los afectados comentaron que luego de interponer su denuncia misma que qued\u00f3 sentada en la averiguaci\u00f3n previa 16\/Tlax\/II\/147\/2015, cuando el agente investigador solicit\u00f3 que pusieran a disposici\u00f3n el detenido se enteraron que el funcionario ya hab\u00eda sido liberado.<\/p>\n<p>\u00a0<\/p>\n<p>De ah\u00ed que adelantaron que van a iniciar las quejas administrativas y legales en contra de los uniformados que liberaron a Ra\u00fal Cano, con la finalidad de que evadiera la acci\u00f3n de la justicia.<\/p>\n","protected":false},"excerpt":{"rendered":"<p>Tlaxcoapan Vecinos de la comunidad de Doxey aseguran que al preguntarle el por qu\u00e9 hab\u00eda retirado el recurso humano de los jardines de la localidad y del pante\u00f3n, el funcionario se molest\u00f3 y comenz\u00f3 a agredirlos<\/p>\n","protected":false},"author":93,"featured_media":0,"comment_status":"open","ping_status":"open","sticky":false,"template":"","format":"standard","meta":{"footnotes":""},"categories":[40],"tags":[],"class_list":["post-2491","post","type-post","status-publish","format-standard","hentry","category-region"],"_links":{"self":[{"href":"https:\/\/plazajuarez.mx\/historico\/wp-json\/wp\/v2\/posts\/2491","targetHints":{"allow":["GET"]}}],"collection":[{"href":"https:\/\/plazajuarez.mx\/historico\/wp-json\/wp\/v2\/posts"}],"about":[{"href":"https:\/\/plazajuarez.mx\/historico\/wp-json\/wp\/v2\/types\/post"}],"author":[{"embeddable":true,"href":"https:\/\/plazajuarez.mx\/historico\/wp-json\/wp\/v2\/users\/93"}],"replies":[{"embeddable":true,"href":"https:\/\/plazajuarez.mx\/historico\/wp-json\/wp\/v2\/comments?post=2491"}],"version-history":[{"count":0,"href":"https:\/\/plazajuarez.mx\/historico\/wp-json\/wp\/v2\/posts\/2491\/revisions"}],"wp:attachment":[{"href":"https:\/\/plazajuarez.mx\/historico\/wp-json\/wp\/v2\/media?parent=2491"}],"wp:term":[{"taxonomy":"category","embeddable":true,"href":"https:\/\/plazajuarez.mx\/historico\/wp-json\/wp\/v2\/categories?post=2491"},{"taxonomy":"post_tag","embeddable":true,"href":"https:\/\/plazajuarez.mx\/historico\/wp-json\/wp\/v2\/tags?post=2491"}],"curies":[{"name":"wp","href":"https:\/\/api.w.org\/{rel}","templated":true}]}}