{"id":2490,"date":"2015-03-20T06:00:00","date_gmt":"2015-03-20T06:00:00","guid":{"rendered":"http:\/\/plazajuarez.mx\/index\/index.php\/2015\/03\/20\/adriana-charrez-morales-es-designada-candidata-suplente-a-diputada-federal-por-el-pes\/"},"modified":"2015-03-20T06:00:00","modified_gmt":"2015-03-20T06:00:00","slug":"adriana-charrez-morales-es-designada-candidata-suplente-a-diputada-federal-por-el-pes","status":"publish","type":"post","link":"https:\/\/plazajuarez.mx\/historico\/adriana-charrez-morales-es-designada-candidata-suplente-a-diputada-federal-por-el-pes\/","title":{"rendered":"Adriana Charrez Morales es designada candidata suplente a diputada federal por el PES"},"content":{"rendered":"<p><strong>Valle del Mezquital<\/strong><\/p>\n<ul>\n<li><strong>La pol\u00e9mica ex regidora perredista se ha distinguido por sus enfrentamientos con los medios de comunicaci\u00f3n <\/strong><\/li>\n<li><strong><strong>El PRD la acus\u00f3 de traici\u00f3n<\/strong><\/strong> <!--more--> <\/li>\n<\/ul>\n<p>El Partido Encuentro Social (PES) otorg\u00f3 la candidatura suplente a diputada federal, a la ex regidora del PRD, Adriana Charrez Morales, quien actualmente ocupa una cartera dentro de la asociaci\u00f3n de abogados en la regi\u00f3n de Actopan.<\/p>\n<p>De manera oficial, se ha informado que la ex asamble\u00edsta, ser\u00e1 la suplente de la abanderada del PES, Mar\u00eda de Lourdes Acosta L\u00f3pez, quien esta semana fue presentada junto con todos los candidatos a diputados federales en los siete distritos de Hidalgo.<\/p>\n<p>Adriana Charrez, fue regidora del PRD, promovida por la UFIC, organizaci\u00f3n interna del sol azteca, propiedad del actual senador, Isidro Pedraza Ch\u00e1vez. Durante su gesti\u00f3n como asamble\u00edsta, desde el inicio de la administraci\u00f3n, mantuvo una confrontaci\u00f3n directa con los medios de comunicaci\u00f3n, contra quienes incluso se registraron agresiones.<\/p>\n<p>Al inicio de su gesti\u00f3n como regidora, anunci\u00f3 la creaci\u00f3n de un bloque opositor conformado por 10 integrantes de la asamblea, quienes posteriormente se fueron integrando, manteni\u00e9ndola en constante confrontaci\u00f3n con funcionarios del propio Ayuntamiento.<\/p>\n<p>Asimismo, en tanto fue regidora, denunci\u00f3 penalmente a un director de un semanario local de Ixmiquilpan, debido a su inconformidad por lo publicado en dicho medio, lo mismo mantuvo diferendos directos con diarios estatales.<\/p>\n<p>De manera extraoficial, se ha informado que el inicio de campa\u00f1a de la candidata, Mar\u00eda de Lourdes Acosta L\u00f3pez, se realizar\u00e1 precisamente por medio de una conferencia de prensa, para dar a conocer sus propuestas de campa\u00f1a.<\/p>\n<p>En mayo del 2010, la dirigencia estatal del PRD anunci\u00f3 que habr\u00eda de expulsar definitivamente de sus filas a la exregidora, debido a su traici\u00f3n al partido, asimismo en 2011, se le acus\u00f3 de participar p\u00fablicamente a favor del PRI en las elecciones municipales, instituto pol\u00edtico donde no obtuvo cobijo.<\/p>\n","protected":false},"excerpt":{"rendered":"<p>Valle del Mezquital La pol\u00e9mica ex regidora perredista se ha distinguido por sus enfrentamientos con los medios de comunicaci\u00f3n El PRD la acus\u00f3 de traici\u00f3n<\/p>\n","protected":false},"author":93,"featured_media":0,"comment_status":"open","ping_status":"open","sticky":false,"template":"","format":"standard","meta":{"footnotes":""},"categories":[40],"tags":[],"class_list":["post-2490","post","type-post","status-publish","format-standard","hentry","category-region"],"_links":{"self":[{"href":"https:\/\/plazajuarez.mx\/historico\/wp-json\/wp\/v2\/posts\/2490","targetHints":{"allow":["GET"]}}],"collection":[{"href":"https:\/\/plazajuarez.mx\/historico\/wp-json\/wp\/v2\/posts"}],"about":[{"href":"https:\/\/plazajuarez.mx\/historico\/wp-json\/wp\/v2\/types\/post"}],"author":[{"embeddable":true,"href":"https:\/\/plazajuarez.mx\/historico\/wp-json\/wp\/v2\/users\/93"}],"replies":[{"embeddable":true,"href":"https:\/\/plazajuarez.mx\/historico\/wp-json\/wp\/v2\/comments?post=2490"}],"version-history":[{"count":0,"href":"https:\/\/plazajuarez.mx\/historico\/wp-json\/wp\/v2\/posts\/2490\/revisions"}],"wp:attachment":[{"href":"https:\/\/plazajuarez.mx\/historico\/wp-json\/wp\/v2\/media?parent=2490"}],"wp:term":[{"taxonomy":"category","embeddable":true,"href":"https:\/\/plazajuarez.mx\/historico\/wp-json\/wp\/v2\/categories?post=2490"},{"taxonomy":"post_tag","embeddable":true,"href":"https:\/\/plazajuarez.mx\/historico\/wp-json\/wp\/v2\/tags?post=2490"}],"curies":[{"name":"wp","href":"https:\/\/api.w.org\/{rel}","templated":true}]}}