{"id":2489,"date":"2015-03-20T06:00:00","date_gmt":"2015-03-20T06:00:00","guid":{"rendered":"http:\/\/plazajuarez.mx\/index\/index.php\/2015\/03\/20\/hoy-reunion-de-la-subsecretaria-de-gobernacion-con-transportistas-de-la-ruta-21\/"},"modified":"2015-03-20T06:00:00","modified_gmt":"2015-03-20T06:00:00","slug":"hoy-reunion-de-la-subsecretaria-de-gobernacion-con-transportistas-de-la-ruta-21","status":"publish","type":"post","link":"https:\/\/plazajuarez.mx\/historico\/hoy-reunion-de-la-subsecretaria-de-gobernacion-con-transportistas-de-la-ruta-21\/","title":{"rendered":"Hoy reuni\u00f3n de la Subsecretar\u00eda de Gobernaci\u00f3n con transportistas de la ruta 21"},"content":{"rendered":"<p><strong>El Cardonal<\/strong><\/p>\n<ul>\n<li><strong>Relacionado con el conflicto que mantienen con la delegaci\u00f3n de la Cabecera Municipal <\/strong><\/li>\n<li><strong><strong>La ruta contin\u00faa sin operar desde el mi\u00e9rcoles pasado tras la amenaza de la delegaci\u00f3n de mantener una retenci\u00f3n de las unidades<\/strong><\/strong> <!--more--> <\/li>\n<\/ul>\n<p>Hoy, la Subsecretar\u00eda de Gobernaci\u00f3n sostendr\u00e1 una reuni\u00f3n con transportistas de la ruta 21, para dialogar sobre el problema que enfrentan con la delegaci\u00f3n de la Cabecera Municipal de El Cardonal, donde el mi\u00e9rcoles pasado, fueron retenidas ocho unidades de transporte p\u00fablico.<\/p>\n<p>La dependencia, ya sostuvo un encuentro con la delegada municipal, Aleida Hern\u00e1ndez Ramos, con quienes acordaron dar un seguimiento al conflicto por la v\u00eda institucional, en tanto que el 24 de marzo, se sostendr\u00e1n nuevas reuniones para buscar otra salida al problema.<\/p>\n<p>Asimismo, la Subsecretar\u00eda del Transporte en Hidalgo, aplicar\u00e1 a partir del martes pr\u00f3ximo, el cambio de vialidad propuesto por la delegada municipal, asimismo a que sean respetados los paradores urbanos autorizados \u00fanicamente por los vecinos.<\/p>\n<p>Adem\u00e1s, la dependencia se encargar\u00e1 de realizar una revisi\u00f3n a todas las concesiones de las diferentes unidades de transporte p\u00fablico de la ruta 21, inform\u00f3 la Subsecretar\u00eda, esto con la finalidad de ordenar al gremio, ante la petici\u00f3n de la delegada municipal.<\/p>\n<p>Para suavizar las negociaciones con la delegada, se solicit\u00f3\u00a0 a los representantes de la ruta, a sostener una reuni\u00f3n este d\u00eda con el Subsecretario, Alejandro Ram\u00edrez Furiati, debido a que los transportistas, mantienen su postura de continuar con el proceso legal.<\/p>\n<p>La ruta, contin\u00faa sin operar desde el mi\u00e9rcoles tras la amenaza de la delegaci\u00f3n de mantener una retenci\u00f3n de las unidades. Se inform\u00f3, que el Ministerio P\u00fablico (MP), realiz\u00f3 el aseguramiento de las ocho unidades para dar continuidad al proceso penal que ha sido iniciado contra la delegada municipal.<\/p>\n<p>En lo que va del a\u00f1o, es el tercer caso donde una comunidad toma acciones de este tipo por cuenta propia, donde se pretende ordenar al transporte p\u00fablico, aplicando medidas por encima de la instituci\u00f3n encargada de regularizar este problema.<\/p>\n<p>Cabe se\u00f1alar, que representantes de la ruta 21, han advertido que no habr\u00e1n de permitir chantajes, tampoco negociar\u00e1n el pago de cuotas, ni respetar\u00e1n medidas aplicadas o autorizadas internamente por la delegaci\u00f3n municipal.<\/p>\n","protected":false},"excerpt":{"rendered":"<p>El Cardonal Relacionado con el conflicto que mantienen con la delegaci\u00f3n de la Cabecera Municipal La ruta contin\u00faa sin operar desde el mi\u00e9rcoles pasado tras la amenaza de la delegaci\u00f3n de mantener una retenci\u00f3n de las unidades<\/p>\n","protected":false},"author":93,"featured_media":0,"comment_status":"open","ping_status":"open","sticky":false,"template":"","format":"standard","meta":{"footnotes":""},"categories":[40],"tags":[],"class_list":["post-2489","post","type-post","status-publish","format-standard","hentry","category-region"],"_links":{"self":[{"href":"https:\/\/plazajuarez.mx\/historico\/wp-json\/wp\/v2\/posts\/2489","targetHints":{"allow":["GET"]}}],"collection":[{"href":"https:\/\/plazajuarez.mx\/historico\/wp-json\/wp\/v2\/posts"}],"about":[{"href":"https:\/\/plazajuarez.mx\/historico\/wp-json\/wp\/v2\/types\/post"}],"author":[{"embeddable":true,"href":"https:\/\/plazajuarez.mx\/historico\/wp-json\/wp\/v2\/users\/93"}],"replies":[{"embeddable":true,"href":"https:\/\/plazajuarez.mx\/historico\/wp-json\/wp\/v2\/comments?post=2489"}],"version-history":[{"count":0,"href":"https:\/\/plazajuarez.mx\/historico\/wp-json\/wp\/v2\/posts\/2489\/revisions"}],"wp:attachment":[{"href":"https:\/\/plazajuarez.mx\/historico\/wp-json\/wp\/v2\/media?parent=2489"}],"wp:term":[{"taxonomy":"category","embeddable":true,"href":"https:\/\/plazajuarez.mx\/historico\/wp-json\/wp\/v2\/categories?post=2489"},{"taxonomy":"post_tag","embeddable":true,"href":"https:\/\/plazajuarez.mx\/historico\/wp-json\/wp\/v2\/tags?post=2489"}],"curies":[{"name":"wp","href":"https:\/\/api.w.org\/{rel}","templated":true}]}}