{"id":248865,"date":"2023-02-01T22:00:24","date_gmt":"2023-02-02T04:00:24","guid":{"rendered":"https:\/\/plazajuarez.mx\/?p=248865"},"modified":"2023-02-01T22:00:30","modified_gmt":"2023-02-02T04:00:30","slug":"todo-listo-para-celebrar-el-dia-de-la-candelaria","status":"publish","type":"post","link":"https:\/\/plazajuarez.mx\/historico\/todo-listo-para-celebrar-el-dia-de-la-candelaria\/","title":{"rendered":"Todo listo para celebrar \u201cEl d\u00eda de la Candelaria\u201d"},"content":{"rendered":"\n<p><strong>Tizayuca.-<\/strong> Habitantes del municipio de Tizayuca, ya se encuentran buscando lugares donde vendan ropa para vestir a los Ni\u00f1os Dios, ya que con el nuevo reglamento impuesto por la actual administraci\u00f3n, los vendedores ya no se colocan en el primer cuadro del centro, donde antes ofertaban sus productos.&nbsp;<\/p>\n\n\n\n<p>Cabe destacar que esta es una tradici\u00f3n cat\u00f3lica, que se realiza cada a\u00f1o, quienes arrullaron al beb\u00e9 en diciembre, fueron los padrinos y deber\u00e1n llevarlo a tomar misa el dos de febrero, en la parroquia del Divino Salvador e Iglesias aleda\u00f1as a las diferentes comunidades, donde tambi\u00e9n hacen Misa.&nbsp;<\/p>\n\n\n\n<p>Ahora, los vendedores se encuentran esparcidos en tianguis, y comercios privados, donde ya comienzan a sacar la mercanc\u00eda con la que cuentan.<\/p>\n\n\n\n<p>Los clientes est\u00e1n acudiendo y en su b\u00fasqueda, visten al Ni\u00f1o Dios con trajes de Santos, en la mayor\u00eda de los casos la ropa que buscan es muy variada, ya que el tama\u00f1o define el costo del mismo.&nbsp;&nbsp;&nbsp;<\/p>\n\n\n\n<p>La se\u00f1ora Josefina Tellez, mencion\u00f3 que a\u00f1o tras a\u00f1o lleva a su Ni\u00f1o a tomar Misa y ella es quien le compra su ropa ya que los padrinos solamente lo hicieron una vez, pero su fe y con sus creencias hace que lo lleve con la ropa nueva porque se siente m\u00e1s cerca de Dios.&nbsp;<\/p>\n\n\n\n<p>Finalmente, en los puestos, adem\u00e1s de ropa, tambi\u00e9n les ofrecen los accesorios como sillas, coronas, zapatos, peque\u00f1as biblias y rosarios, la gente cat\u00f3lica en Tizayuca lleva a sus ni\u00f1os en canastas con colchas tejidas a mano y flores para que los bendigan una vez terminando la Misa con el padre.&nbsp;<\/p>\n","protected":false},"excerpt":{"rendered":"<p>Tizayuca.- Habitantes del municipio de Tizayuca, ya se encuentran buscando lugares donde vendan ropa para vestir a los Ni\u00f1os Dios, ya que con el nuevo reglamento impuesto por la actual administraci\u00f3n, los vendedores ya no se colocan en el primer cuadro del centro, donde antes ofertaban sus productos.&nbsp; Cabe destacar que esta es una tradici\u00f3n [&hellip;]<\/p>\n","protected":false},"author":78,"featured_media":248866,"comment_status":"closed","ping_status":"closed","sticky":false,"template":"","format":"standard","meta":{"footnotes":""},"categories":[40],"tags":[],"class_list":["post-248865","post","type-post","status-publish","format-standard","has-post-thumbnail","hentry","category-region"],"_links":{"self":[{"href":"https:\/\/plazajuarez.mx\/historico\/wp-json\/wp\/v2\/posts\/248865","targetHints":{"allow":["GET"]}}],"collection":[{"href":"https:\/\/plazajuarez.mx\/historico\/wp-json\/wp\/v2\/posts"}],"about":[{"href":"https:\/\/plazajuarez.mx\/historico\/wp-json\/wp\/v2\/types\/post"}],"author":[{"embeddable":true,"href":"https:\/\/plazajuarez.mx\/historico\/wp-json\/wp\/v2\/users\/78"}],"replies":[{"embeddable":true,"href":"https:\/\/plazajuarez.mx\/historico\/wp-json\/wp\/v2\/comments?post=248865"}],"version-history":[{"count":0,"href":"https:\/\/plazajuarez.mx\/historico\/wp-json\/wp\/v2\/posts\/248865\/revisions"}],"wp:featuredmedia":[{"embeddable":true,"href":"https:\/\/plazajuarez.mx\/historico\/wp-json\/wp\/v2\/media\/248866"}],"wp:attachment":[{"href":"https:\/\/plazajuarez.mx\/historico\/wp-json\/wp\/v2\/media?parent=248865"}],"wp:term":[{"taxonomy":"category","embeddable":true,"href":"https:\/\/plazajuarez.mx\/historico\/wp-json\/wp\/v2\/categories?post=248865"},{"taxonomy":"post_tag","embeddable":true,"href":"https:\/\/plazajuarez.mx\/historico\/wp-json\/wp\/v2\/tags?post=248865"}],"curies":[{"name":"wp","href":"https:\/\/api.w.org\/{rel}","templated":true}]}}