{"id":248862,"date":"2023-02-01T21:59:48","date_gmt":"2023-02-02T03:59:48","guid":{"rendered":"https:\/\/plazajuarez.mx\/?p=248862"},"modified":"2023-02-01T21:59:56","modified_gmt":"2023-02-02T03:59:56","slug":"una-buena-accion-devuelven-celular","status":"publish","type":"post","link":"https:\/\/plazajuarez.mx\/historico\/una-buena-accion-devuelven-celular\/","title":{"rendered":"Una buena acci\u00f3n, devuelven celular\u00a0"},"content":{"rendered":"\n<p><strong>Tizayuca.- <\/strong>Una ciudadana solicit\u00f3 ayuda para que le fuera devuelto un celular que su hija menor, por descuido, dej\u00f3 afuera de su vivienda, ubicada en el fraccionamiento de Villa Magna, inform\u00f3 que el equipo le fue devuelto y agradeci\u00f3 la buena acci\u00f3n.&nbsp;<\/p>\n\n\n\n<p>Cabe destacar que la se\u00f1ora Sharon Cort\u00e9s, refiri\u00f3 que necesitaba su celular, debido a que era muy importante, ya que en \u00e9l ten\u00eda una aplicaci\u00f3n que su ni\u00f1a ocupa para el preescolar y ah\u00ed ven\u00eda su avance en la escuela, la ni\u00f1a lo hab\u00eda dejado en un descuido afuera de su domicilio en la calle de Aluminio.&nbsp;<\/p>\n\n\n\n<p>Una vez que la madre se dio cuenta de que el celular no estaba, no dud\u00f3 en pedir ayuda para recuperarlo, ya que los equipos son un gasto que los padres no se pueden dar el lujo de estar comprando constantemente.<\/p>\n\n\n\n<p>Su solicitud fue compartida con los ciudadanos a trav\u00e9s de una p\u00e1gina, en la cual est\u00e1n los residentes del fraccionamiento de Villa Magna y sitios aleda\u00f1os.&nbsp;<\/p>\n\n\n\n<p>Posteriormente, inform\u00f3 que el celular se lo regresaron y mencion\u00f3 que \u201ca\u00fan hay gente que no act\u00faa de mala fe\u201d, y al ver el equipo en la calle, no dudaron en tomarlo, pero en muchas ocasiones es dif\u00edcil encontrar a los due\u00f1os, y son contadas las personas que tienen buenos valores y tratan de cargar la bater\u00eda en caso de que llamen los due\u00f1os para regresarlo, en otros casos sucede lo contrario, lo apagan y ya nunca lo devuelven; pero cuando supieron que estaban en su b\u00fasqueda se lo devolvieron.&nbsp;<\/p>\n\n\n\n<p>Finalmente, esta historia se suma a otras que demuestran que la fe en la humanidad no est\u00e1 perdida.<\/p>\n","protected":false},"excerpt":{"rendered":"<p>Tizayuca.- Una ciudadana solicit\u00f3 ayuda para que le fuera devuelto un celular que su hija menor, por descuido, dej\u00f3 afuera de su vivienda, ubicada en el fraccionamiento de Villa Magna, inform\u00f3 que el equipo le fue devuelto y agradeci\u00f3 la buena acci\u00f3n.&nbsp; Cabe destacar que la se\u00f1ora Sharon Cort\u00e9s, refiri\u00f3 que necesitaba su celular, debido [&hellip;]<\/p>\n","protected":false},"author":78,"featured_media":248863,"comment_status":"closed","ping_status":"closed","sticky":false,"template":"","format":"standard","meta":{"footnotes":""},"categories":[2159,40],"tags":[],"class_list":["post-248862","post","type-post","status-publish","format-standard","has-post-thumbnail","hentry","category-noticias-de-hidalgo","category-region"],"_links":{"self":[{"href":"https:\/\/plazajuarez.mx\/historico\/wp-json\/wp\/v2\/posts\/248862","targetHints":{"allow":["GET"]}}],"collection":[{"href":"https:\/\/plazajuarez.mx\/historico\/wp-json\/wp\/v2\/posts"}],"about":[{"href":"https:\/\/plazajuarez.mx\/historico\/wp-json\/wp\/v2\/types\/post"}],"author":[{"embeddable":true,"href":"https:\/\/plazajuarez.mx\/historico\/wp-json\/wp\/v2\/users\/78"}],"replies":[{"embeddable":true,"href":"https:\/\/plazajuarez.mx\/historico\/wp-json\/wp\/v2\/comments?post=248862"}],"version-history":[{"count":0,"href":"https:\/\/plazajuarez.mx\/historico\/wp-json\/wp\/v2\/posts\/248862\/revisions"}],"wp:featuredmedia":[{"embeddable":true,"href":"https:\/\/plazajuarez.mx\/historico\/wp-json\/wp\/v2\/media\/248863"}],"wp:attachment":[{"href":"https:\/\/plazajuarez.mx\/historico\/wp-json\/wp\/v2\/media?parent=248862"}],"wp:term":[{"taxonomy":"category","embeddable":true,"href":"https:\/\/plazajuarez.mx\/historico\/wp-json\/wp\/v2\/categories?post=248862"},{"taxonomy":"post_tag","embeddable":true,"href":"https:\/\/plazajuarez.mx\/historico\/wp-json\/wp\/v2\/tags?post=248862"}],"curies":[{"name":"wp","href":"https:\/\/api.w.org\/{rel}","templated":true}]}}