{"id":248858,"date":"2023-02-01T21:58:57","date_gmt":"2023-02-02T03:58:57","guid":{"rendered":"https:\/\/plazajuarez.mx\/?p=248858"},"modified":"2023-02-01T21:59:03","modified_gmt":"2023-02-02T03:59:03","slug":"habra-nuevo-centro-de-desarrollo-de-lucha-profesional-en-tulancingo","status":"publish","type":"post","link":"https:\/\/plazajuarez.mx\/historico\/habra-nuevo-centro-de-desarrollo-de-lucha-profesional-en-tulancingo\/","title":{"rendered":"Habr\u00e1 nuevo Centro de Desarrollo de Lucha Profesional en Tulancingo"},"content":{"rendered":"\n<p>Un grupo de profesionales involucrados en el deporte de alto rendimiento, encabezados por el luchador Crazy Boy, conforman el potencial humano que dar\u00e1 vida al Centro de Formaci\u00f3n de Lucha Libre Profesional, que ser\u00e1 inaugurado el pr\u00f3ximo s\u00e1bado en la ciudad de Tulancingo.<\/p>\n\n\n\n<p>Durante seis meses, en este Centro de Desarrollo se impartir\u00e1n los conocimientos b\u00e1sicos de este deporte espect\u00e1culo a ni\u00f1os, j\u00f3venes y adultos, acompa\u00f1ado de un grupo de profesionales en temas como motivaci\u00f3n, psicolog\u00eda y fisioterapeuta.<\/p>\n\n\n\n<p>En conferencia de prensa, Crazy Boy se\u00f1al\u00f3 que este proyecto nace de la inquietud de los aficionados que, al t\u00e9rmino de cada lucha se acercan con \u00e9l, para preguntarle donde pueden prepararse y entrenar de manera profesional la lucha libre.<\/p>\n\n\n\n<p>Por ello, este espacio contar\u00e1 con la colaboraci\u00f3n del conferencista y motivador Jes\u00fas Hern\u00e1ndez, el preparador f\u00edsico de alto rendimiento Diego Ballesteros, el fisioterapeuta Emanuel Hern\u00e1ndez, as\u00ed como el alphabiotista Gustavo Ocadiz, entre otros profesionales.<\/p>\n\n\n\n<p>De esta forma, los interesados en prepararse en este Centro de Desarrollo contar\u00e1n con todas las herramientas necesarias para la pr\u00e1ctica y aprendizaje de este deporte.<\/p>\n\n\n\n<p>\u201cEs de los primeros Centros de Desarrollo que hay en este nivel, ya que vamos a contar con muchas herramientas complementarias, ya que atr\u00e1s de la carrera y figura de un luchador, hay muchas personas, como un nutri\u00f3logo, un motivador, un fisioterapeuta, entre otros, para alcanzar las metas\u201d, se\u00f1al\u00f3<\/p>\n\n\n\n<p>El espacio ubicado en la colonia Felipe \u00c1ngeles, de Tulancingo, tambi\u00e9n contar\u00e1 con funciones de lucha quincenales, donde participar\u00e1n alumnos de la Escuela Municipal de Lucha Libre, con la finalidad de foguearse y poner en pr\u00e1ctica lo aprendido.<\/p>\n\n\n\n<p>Este Centro de Desarrollo ser\u00e1 inaugurado el pr\u00f3ximo s\u00e1bado, con la presencia del reconocido luchador ya retirado, Dos Caras.<\/p>\n","protected":false},"excerpt":{"rendered":"<p>Un grupo de profesionales involucrados en el deporte de alto rendimiento, encabezados por el luchador Crazy Boy, conforman el potencial humano que dar\u00e1 vida al Centro de Formaci\u00f3n de Lucha Libre Profesional, que ser\u00e1 inaugurado el pr\u00f3ximo s\u00e1bado en la ciudad de Tulancingo. Durante seis meses, en este Centro de Desarrollo se impartir\u00e1n los conocimientos [&hellip;]<\/p>\n","protected":false},"author":70,"featured_media":248860,"comment_status":"closed","ping_status":"closed","sticky":false,"template":"","format":"standard","meta":{"footnotes":""},"categories":[40],"tags":[],"class_list":["post-248858","post","type-post","status-publish","format-standard","has-post-thumbnail","hentry","category-region"],"_links":{"self":[{"href":"https:\/\/plazajuarez.mx\/historico\/wp-json\/wp\/v2\/posts\/248858","targetHints":{"allow":["GET"]}}],"collection":[{"href":"https:\/\/plazajuarez.mx\/historico\/wp-json\/wp\/v2\/posts"}],"about":[{"href":"https:\/\/plazajuarez.mx\/historico\/wp-json\/wp\/v2\/types\/post"}],"author":[{"embeddable":true,"href":"https:\/\/plazajuarez.mx\/historico\/wp-json\/wp\/v2\/users\/70"}],"replies":[{"embeddable":true,"href":"https:\/\/plazajuarez.mx\/historico\/wp-json\/wp\/v2\/comments?post=248858"}],"version-history":[{"count":0,"href":"https:\/\/plazajuarez.mx\/historico\/wp-json\/wp\/v2\/posts\/248858\/revisions"}],"wp:featuredmedia":[{"embeddable":true,"href":"https:\/\/plazajuarez.mx\/historico\/wp-json\/wp\/v2\/media\/248860"}],"wp:attachment":[{"href":"https:\/\/plazajuarez.mx\/historico\/wp-json\/wp\/v2\/media?parent=248858"}],"wp:term":[{"taxonomy":"category","embeddable":true,"href":"https:\/\/plazajuarez.mx\/historico\/wp-json\/wp\/v2\/categories?post=248858"},{"taxonomy":"post_tag","embeddable":true,"href":"https:\/\/plazajuarez.mx\/historico\/wp-json\/wp\/v2\/tags?post=248858"}],"curies":[{"name":"wp","href":"https:\/\/api.w.org\/{rel}","templated":true}]}}