{"id":2487,"date":"2015-03-20T06:00:00","date_gmt":"2015-03-20T06:00:00","guid":{"rendered":"http:\/\/plazajuarez.mx\/index\/index.php\/2015\/03\/20\/liberan-a-presunto-homicida-por-sufrir-tortura\/"},"modified":"2015-03-20T06:00:00","modified_gmt":"2015-03-20T06:00:00","slug":"liberan-a-presunto-homicida-por-sufrir-tortura","status":"publish","type":"post","link":"https:\/\/plazajuarez.mx\/historico\/liberan-a-presunto-homicida-por-sufrir-tortura\/","title":{"rendered":"Liberan a presunto homicida por sufrir tortura"},"content":{"rendered":"<p>CONDENADO A 50 A\u00d1OS DE PRISI\u00d3N EN EL CERESO DE PACHUCA<\/p>\n<p>  <!--more-->  <\/p>\n<p>\u00a0<\/p>\n<p>Toda una dram\u00e1tica historia es la que se cierne sobre la vida de un reo internado en el Cereso de Pachuca, luego de que la Suprema Corte de Justicia de la Naci\u00f3n decret\u00f3 la libertad de Alfonso Mart\u00edn del Campo II, quien al momento de su detenci\u00f3n fue torturado por polic\u00edas en el s\u00f3tano de la Delegaci\u00f3n Benito Ju\u00e1rez del Distrito Federal; lo que provoc\u00f3 que bajo presi\u00f3n confesara el asesinato de su hermana Patricia Mart\u00edn del Campo II y su cu\u00f1ado Gerardo Zamudio Aldama.<\/p>\n<p>Ambos cr\u00edmenes se cometieron en la capital del pa\u00eds y en ese entonces el inculpado fue ingresado a un penal del Distrito federal, pero posteriormente se realiz\u00f3 su traslado al centro de Reinserci\u00f3n Social de Pachuca, ya que su padre radicaba en esta capital minera y fue el \u00fanico que lo visit\u00f3, hasta que despu\u00e9s falleci\u00f3.<\/p>\n<p>Ahora la justicia resuelve modificar la sentencia que lo conden\u00f3 a 50 a\u00f1os de prisi\u00f3n y le otorgaron la libertad inmediata al ciudadano M\u00e9xico-estadounidense.<\/p>\n<p>Importante es mencionar que esta resoluci\u00f3n gener\u00f3 la inconformidad de familiares de los agraviados, quienes se manifestaron hasta con pancartas, a la hora que el titular de la Primera Sala de la Corte de Justicia de la Naci\u00f3n dio a conocer que se instruy\u00f3 a la secretaria de acuerdos para la notificaci\u00f3n a las autoridades correspondientes para que se ponga en inmediata libertad a Alfonso Mart\u00edn del Campo II.<\/p>\n<p>Al t\u00e9rmino de la audiencia, el abogado del ahora liberado dio a conocer que el siguiente paso para Alfonso es buscar una indemnizaci\u00f3n por parte del Estado Mexicano, por haber sido procesado indebidamente a partir de una tortura y haber sido condenado.<\/p>\n<p>Alfonso sali\u00f3 del\u00a0 Cereso de Pachuca al filo de las 22:30 horas, despu\u00e9s de 22 a\u00f1os y 10 meses de prisi\u00f3n, donde forj\u00f3 toda una vida en un mundo diferente, pues ingres\u00f3 el 31 de mayo de 1992 a una c\u00e1rcel del Distrito Federal y en el 99 fue trasladado a Pachuca.<\/p>\n<p>Al abandonar el reclusorio pachuque\u00f1o, Alfonso vest\u00eda chamarra beige y pantal\u00f3n de mezclilla, para evitar las c\u00e1maras se cubri\u00f3 el rostro con una gorra blanca, para finalmente abordar un veh\u00edculo blanco en el que ya lo esperaban y el auto arranc\u00f3.<\/p>\n<p>Alfonso se cas\u00f3 en el penal de Pachuca con la interna Janette, ambos durante su relaci\u00f3n procrearon un hijo, pero la vida no les fue tan grata y luego de sortear algunos conflictos personales, ambos se divorciaron.<\/p>\n<p>Tambi\u00e9n se recuerda que fue durante una ceremonia cristiana que se realiz\u00f3 al interior del penal, donde una francesa se pronunci\u00f3 por la abolici\u00f3n de la tortura y ah\u00ed Alfonso inici\u00f3 su lucha legal por obtener su libertad al exponer su caso ante la Corte Interamericana de Justicia, y hoy su realidad es haber obtenido su liberaci\u00f3n.<\/p>\n","protected":false},"excerpt":{"rendered":"<p>CONDENADO A 50 A\u00d1OS DE PRISI\u00d3N EN EL CERESO DE PACHUCA<\/p>\n","protected":false},"author":93,"featured_media":0,"comment_status":"open","ping_status":"open","sticky":false,"template":"","format":"standard","meta":{"footnotes":""},"categories":[37],"tags":[],"class_list":["post-2487","post","type-post","status-publish","format-standard","hentry","category-barandilla"],"_links":{"self":[{"href":"https:\/\/plazajuarez.mx\/historico\/wp-json\/wp\/v2\/posts\/2487","targetHints":{"allow":["GET"]}}],"collection":[{"href":"https:\/\/plazajuarez.mx\/historico\/wp-json\/wp\/v2\/posts"}],"about":[{"href":"https:\/\/plazajuarez.mx\/historico\/wp-json\/wp\/v2\/types\/post"}],"author":[{"embeddable":true,"href":"https:\/\/plazajuarez.mx\/historico\/wp-json\/wp\/v2\/users\/93"}],"replies":[{"embeddable":true,"href":"https:\/\/plazajuarez.mx\/historico\/wp-json\/wp\/v2\/comments?post=2487"}],"version-history":[{"count":0,"href":"https:\/\/plazajuarez.mx\/historico\/wp-json\/wp\/v2\/posts\/2487\/revisions"}],"wp:attachment":[{"href":"https:\/\/plazajuarez.mx\/historico\/wp-json\/wp\/v2\/media?parent=2487"}],"wp:term":[{"taxonomy":"category","embeddable":true,"href":"https:\/\/plazajuarez.mx\/historico\/wp-json\/wp\/v2\/categories?post=2487"},{"taxonomy":"post_tag","embeddable":true,"href":"https:\/\/plazajuarez.mx\/historico\/wp-json\/wp\/v2\/tags?post=2487"}],"curies":[{"name":"wp","href":"https:\/\/api.w.org\/{rel}","templated":true}]}}