{"id":2485,"date":"2015-03-20T06:00:00","date_gmt":"2015-03-20T06:00:00","guid":{"rendered":"http:\/\/plazajuarez.mx\/index\/index.php\/2015\/03\/20\/inconsciente-adolescente-finge-secuestro\/"},"modified":"2015-03-20T06:00:00","modified_gmt":"2015-03-20T06:00:00","slug":"inconsciente-adolescente-finge-secuestro","status":"publish","type":"post","link":"https:\/\/plazajuarez.mx\/historico\/inconsciente-adolescente-finge-secuestro\/","title":{"rendered":"Inconsciente adolescente finge secuestro"},"content":{"rendered":"<p>QUER\u00cdA DARLE UN \u201cSUSTO A SUS PADRES\u201d\u00a0<\/p>\n<p>  <!--more-->  <\/p>\n<p>\u00a0<\/p>\n<p>En complicidad con un grupo de amigos, una adolescente fingi\u00f3 que la hab\u00edan secuestrado para \u201cdarle un susto a sus padres\u201d, hechos que fueron resueltos por la Unidad Especializada en el Combate al Secuestro (UECS) de la Procuradur\u00eda General de Justicia del Estado de Hidalgo (PGJEH).<\/p>\n<p>\u00a0<\/p>\n<p>Sobre los hechos, la fiscal\u00eda estatal inform\u00f3 que el 17 de marzo se inici\u00f3 el acta AC\/COE\/PACH\/UECS\/TRES\/12\/2015 por la denuncia de los padres de la menor de edad, quienes manifestaron que su hija hab\u00eda sido secuestrada en el municipio de Huasca.<\/p>\n<p>\u00a0<\/p>\n<p>Al acudir ante la Unidad Especializada en el Combate al Secuestro de la PGJEH, los denunciantes refieren que su menor hija fue a trabajar a una dulcer\u00eda en Huasca el d\u00eda lunes 17 de marzo del a\u00f1o en curso y por la tarde le llam\u00f3 a su pap\u00e1 para que fuera a recogerla pero ya no la encontr\u00f3, m\u00e1s tarde la madre de la menor recibi\u00f3 una llamada telef\u00f3nica en la que una persona desconocida le ped\u00eda un mill\u00f3n de pesos que porque \u201csu hija estaba secuestrada\u201d, manifestando adem\u00e1s que en otra llamada telef\u00f3nica escuch\u00f3 que su hija le ped\u00eda ayuda.<\/p>\n<p>\u00a0<\/p>\n<p>Los elementos de la UECS iniciaron una investigaci\u00f3n, sin embargo los familiares de la supuesta v\u00edctima informaron ante las autoridades que la adolescente ya hab\u00eda sido localizada en Zempoala.<\/p>\n<p>\u00a0<\/p>\n<p>El pasado mi\u00e9rcoles, la menor de edad fue presentada ante la representaci\u00f3n social, quien al rendir su declaraci\u00f3n ministerial confes\u00f3 que por voluntad propia decidi\u00f3 irse con sus amigos para \u201cdarle un susto a sus padres\u201d. Sin embargo, la jovencita se arrepinti\u00f3 de sus actos y decidi\u00f3 volver a su casa, por lo que de sus acompa\u00f1antes la dejaron por la madrugada cerca de una gasolinera. \u00a0<\/p>\n<p>\u00a0<\/p>\n<p>De acuerdo con los datos de las autoridades, la menor no presentaba lesiones o golpes, mientras tanto la Averiguaci\u00f3n Previa se encuentra en integraci\u00f3n y se determinar\u00e1 en el tiempo que ordena la ley.<\/p>\n","protected":false},"excerpt":{"rendered":"<p>QUER\u00cdA DARLE UN \u201cSUSTO A SUS PADRES\u201d\u00a0<\/p>\n","protected":false},"author":93,"featured_media":0,"comment_status":"open","ping_status":"open","sticky":false,"template":"","format":"standard","meta":{"footnotes":""},"categories":[37],"tags":[],"class_list":["post-2485","post","type-post","status-publish","format-standard","hentry","category-barandilla"],"_links":{"self":[{"href":"https:\/\/plazajuarez.mx\/historico\/wp-json\/wp\/v2\/posts\/2485","targetHints":{"allow":["GET"]}}],"collection":[{"href":"https:\/\/plazajuarez.mx\/historico\/wp-json\/wp\/v2\/posts"}],"about":[{"href":"https:\/\/plazajuarez.mx\/historico\/wp-json\/wp\/v2\/types\/post"}],"author":[{"embeddable":true,"href":"https:\/\/plazajuarez.mx\/historico\/wp-json\/wp\/v2\/users\/93"}],"replies":[{"embeddable":true,"href":"https:\/\/plazajuarez.mx\/historico\/wp-json\/wp\/v2\/comments?post=2485"}],"version-history":[{"count":0,"href":"https:\/\/plazajuarez.mx\/historico\/wp-json\/wp\/v2\/posts\/2485\/revisions"}],"wp:attachment":[{"href":"https:\/\/plazajuarez.mx\/historico\/wp-json\/wp\/v2\/media?parent=2485"}],"wp:term":[{"taxonomy":"category","embeddable":true,"href":"https:\/\/plazajuarez.mx\/historico\/wp-json\/wp\/v2\/categories?post=2485"},{"taxonomy":"post_tag","embeddable":true,"href":"https:\/\/plazajuarez.mx\/historico\/wp-json\/wp\/v2\/tags?post=2485"}],"curies":[{"name":"wp","href":"https:\/\/api.w.org\/{rel}","templated":true}]}}