{"id":248496,"date":"2023-01-30T13:51:08","date_gmt":"2023-01-30T19:51:08","guid":{"rendered":"https:\/\/plazajuarez.mx\/?p=248496"},"modified":"2023-01-30T13:51:15","modified_gmt":"2023-01-30T19:51:15","slug":"garcia-luna-tiene-varios-asuntos-pendientes-en-mexico-ebrard","status":"publish","type":"post","link":"https:\/\/plazajuarez.mx\/historico\/garcia-luna-tiene-varios-asuntos-pendientes-en-mexico-ebrard\/","title":{"rendered":"Garc\u00eda Luna tiene varios asuntos pendientes en M\u00e9xico: Ebrard"},"content":{"rendered":"\n<p>El titular de la Secretar\u00eda de Relaciones Exteriores (SRE), Marcelo Ebrard Casaub\u00f3n, asegur\u00f3 que el exsecretario de Seguridad del expresidente Felipe Calder\u00f3n, Genaro Garc\u00eda Luna, tiene varios &#8220;asuntos pendientes&#8221; con la justicia mexicana, por lo que no descart\u00f3 la extradici\u00f3n del exfuncionario.<br><br>&#8220;Tenemos acceso a las audiencias y tendremos en su momento el acceso conforme al Acuerdo de Cooperaci\u00f3n Jur\u00eddica y los tratados de extradici\u00f3n que hay&#8221;, precis\u00f3 Ebrard.<br><br>Garc\u00eda Luna enfrenta a la Corte del Distrito Este de Nueva York en un juicio por delitos relacionados con el narcotr\u00e1fico.<br><br>Tras la suscripci\u00f3n del convenio de colaboraci\u00f3n entre SRE y Banxico, en la sede la Canciller\u00eda, el titular de la SRE dijo que hoy se reanudaron las audiencias contra Garc\u00eda Luna y el gobierno de M\u00e9xico est\u00e1 a la expectativa de lo que ah\u00ed se plante\u00e9.<br><br>&#8220;De las declaraciones que se hagan, es un juicio muy relevante para M\u00e9xico&#8221;, dijo.<br><br>&#8220;M\u00e9xico tiene derecho a acceder a esos documentos y tambi\u00e9n la Fiscal\u00eda General de la Rep\u00fablica, que ya se\u00f1al\u00f3 que tiene varios asuntos pendientes con ese se\u00f1or aqu\u00ed en M\u00e9xico; y ese es el cuadro que tengo el d\u00eda de hoy&#8221;, coment\u00f3 el canciller Ebrard.<\/p>\n","protected":false},"excerpt":{"rendered":"<p>El titular de la Secretar\u00eda de Relaciones Exteriores (SRE), Marcelo Ebrard Casaub\u00f3n, asegur\u00f3 que el exsecretario de Seguridad del expresidente Felipe Calder\u00f3n, Genaro Garc\u00eda Luna, tiene varios &#8220;asuntos pendientes&#8221; con la justicia mexicana, por lo que no descart\u00f3 la extradici\u00f3n del exfuncionario. &#8220;Tenemos acceso a las audiencias y tendremos en su momento el acceso conforme [&hellip;]<\/p>\n","protected":false},"author":81,"featured_media":248497,"comment_status":"closed","ping_status":"closed","sticky":false,"template":"","format":"standard","meta":{"footnotes":""},"categories":[15,36],"tags":[],"class_list":["post-248496","post","type-post","status-publish","format-standard","has-post-thumbnail","hentry","category-destacadas","category-nacion"],"_links":{"self":[{"href":"https:\/\/plazajuarez.mx\/historico\/wp-json\/wp\/v2\/posts\/248496","targetHints":{"allow":["GET"]}}],"collection":[{"href":"https:\/\/plazajuarez.mx\/historico\/wp-json\/wp\/v2\/posts"}],"about":[{"href":"https:\/\/plazajuarez.mx\/historico\/wp-json\/wp\/v2\/types\/post"}],"author":[{"embeddable":true,"href":"https:\/\/plazajuarez.mx\/historico\/wp-json\/wp\/v2\/users\/81"}],"replies":[{"embeddable":true,"href":"https:\/\/plazajuarez.mx\/historico\/wp-json\/wp\/v2\/comments?post=248496"}],"version-history":[{"count":0,"href":"https:\/\/plazajuarez.mx\/historico\/wp-json\/wp\/v2\/posts\/248496\/revisions"}],"wp:featuredmedia":[{"embeddable":true,"href":"https:\/\/plazajuarez.mx\/historico\/wp-json\/wp\/v2\/media\/248497"}],"wp:attachment":[{"href":"https:\/\/plazajuarez.mx\/historico\/wp-json\/wp\/v2\/media?parent=248496"}],"wp:term":[{"taxonomy":"category","embeddable":true,"href":"https:\/\/plazajuarez.mx\/historico\/wp-json\/wp\/v2\/categories?post=248496"},{"taxonomy":"post_tag","embeddable":true,"href":"https:\/\/plazajuarez.mx\/historico\/wp-json\/wp\/v2\/tags?post=248496"}],"curies":[{"name":"wp","href":"https:\/\/api.w.org\/{rel}","templated":true}]}}