{"id":248475,"date":"2023-01-30T12:15:45","date_gmt":"2023-01-30T18:15:45","guid":{"rendered":"https:\/\/plazajuarez.mx\/?p=248475"},"modified":"2023-01-30T12:15:51","modified_gmt":"2023-01-30T18:15:51","slug":"amlo-estima-mucho-a-trump-pese-a-burlas-contra-mexico","status":"publish","type":"post","link":"https:\/\/plazajuarez.mx\/historico\/amlo-estima-mucho-a-trump-pese-a-burlas-contra-mexico\/","title":{"rendered":"AMLO &#8220;estima mucho&#8221; a Trump pese a burlas contra M\u00e9xico"},"content":{"rendered":"\n<p>El presidente mexicano, Andr\u00e9s Manuel L\u00f3pez Obrador, expres\u00f3 este lunes que &#8220;estima mucho&#8221; al exmandatario estadounidense Donald Trump (2017-2021) pese a burlarse en su campa\u00f1a de c\u00f3mo presion\u00f3 al Gobierno de M\u00e9xico para aceptar medidas migratorias.<\/p>\n\n\n\n<p>\u201cYo estimo mucho al presidente Trump porque fue respetuoso con nosotros, fue buena la relaci\u00f3n, les puedo decir que fue buena para Estados Unidos, para el pueblo estadounidense, y fue muy buena para el pueblo de M\u00e9xico&#8221;, manifest\u00f3 L\u00f3pez Obrador en su rueda de prensa diaria.<\/p>\n\n\n\n<p>Sus declaraciones se producen despu\u00e9s de que Trump, en el discurso inicial de su campa\u00f1a presidencial, presumi\u00f3 el s\u00e1bado de haber orillado al Gobierno de L\u00f3pez Obrador a aceptar el pol\u00e9mico programa &#8220;Qu\u00e9date en M\u00e9xico&#8221;, creado en 2019 para que migrantes permanecieran en territorio mexicano en lo que se resolv\u00eda su asilo en Estados Unidos.<\/p>\n\n\n\n<p>Trump record\u00f3 que, entonces, amenaz\u00f3 con aplicar aranceles a todas las importaciones mexicanas si no aceptaba el programa &#8220;Qu\u00e9date en M\u00e9xico&#8221; y desplegaba a Fuerzas Armadas para frenar a migrantes.<\/p>\n\n\n\n<p>&#8220;Necesitamos 20.000 soldados y queremos que todo el mundo se quede en M\u00e9xico y que nadie venga a Estados Unidos. Y le dije, mira, si no lo aprueban, vamos a imponer aranceles a todos los veh\u00edculos que est\u00e1n vendiendo en nuestro pa\u00eds, unos aranceles del 25 %, y vamos a imponer aranceles del 25 % a todos los productos que hacen en M\u00e9xico&#8221;, dijo Trump a un representante mexicano, seg\u00fan su relato.<\/p>\n\n\n\n<p>Pese a esta narrativa, L\u00f3pez Obrador asever\u00f3 que &#8220;fue muy buena la relaci\u00f3n con el presidente Trump y con su equipo&#8221;, por lo que atribuy\u00f3 lo dicho a las campa\u00f1as electorales.<\/p>\n\n\n\n<p>&#8220;Claro, ya empezaron las campa\u00f1as en Estados Unidos, y ya empiezan a decir que ellos iban a ponernos en cintura, que ellos s\u00ed saben c\u00f3mo someternos, que ya nos hab\u00edan doblado, y que ya saben c\u00f3mo hacerlo\u201d, mencion\u00f3.<\/p>\n\n\n\n<p>El gobernante mexicano sostuvo que las llamadas que tuvo con Trump fueron &#8220;respetuosas&#8221; y que, en solo una de ellas, abordaron el muro fronterizo.<\/p>\n\n\n\n<p>A\u00fan as\u00ed reconoci\u00f3 que \u201cel momento m\u00e1s cr\u00edtico fue cuando la amenaza de los aranceles&#8221;.<\/p>\n\n\n\n<p>&#8220;Afortunadamente se lleg\u00f3 a un acuerdo y (el canciller) Marcelo (Ebrard) hizo un buen trabajo. Fue una semana muy dif\u00edcil porque \u00e9l fij\u00f3 una fecha para iniciar el cobro de impuestos o de aranceles a mercanc\u00edas de M\u00e9xico\u201d, record\u00f3.<\/p>\n\n\n\n<p>La pol\u00e9mica ha arreciado desde que Mike Pompeo, exsecretario de Estado con Trump, escribi\u00f3 en su nuevo libro &#8220;Never Give An Inch&#8221; (&#8220;Nunca cedas ni una pulgada&#8221;) que Ebrard acept\u00f3 el &#8220;Qu\u00e9date en M\u00e9xico&#8221;, pero pidi\u00f3 mantener oculto el acuerdo.<\/p>\n\n\n\n<p>Cuestionado sobre si es falso lo que afirma Pompeo, L\u00f3pez Obrador evadi\u00f3 una respuesta directa.<\/p>\n\n\n\n<p>\u201cNo me meto en eso. O sea, amor y paz. Yo ya escrib\u00ed sobre este tema. Creo que tuve con el presidente Trump un solo encuentro en Washington muy productivo y hablamos como once o doce veces por tel\u00e9fono\u201d, cont\u00f3.<\/p>\n","protected":false},"excerpt":{"rendered":"<p>El presidente mexicano, Andr\u00e9s Manuel L\u00f3pez Obrador, expres\u00f3 este lunes que &#8220;estima mucho&#8221; al exmandatario estadounidense Donald Trump (2017-2021) pese a burlarse en su campa\u00f1a de c\u00f3mo presion\u00f3 al Gobierno de M\u00e9xico para aceptar medidas migratorias. \u201cYo estimo mucho al presidente Trump porque fue respetuoso con nosotros, fue buena la relaci\u00f3n, les puedo decir que [&hellip;]<\/p>\n","protected":false},"author":80,"featured_media":248476,"comment_status":"closed","ping_status":"closed","sticky":false,"template":"","format":"standard","meta":{"footnotes":""},"categories":[15,36],"tags":[],"class_list":["post-248475","post","type-post","status-publish","format-standard","has-post-thumbnail","hentry","category-destacadas","category-nacion"],"_links":{"self":[{"href":"https:\/\/plazajuarez.mx\/historico\/wp-json\/wp\/v2\/posts\/248475","targetHints":{"allow":["GET"]}}],"collection":[{"href":"https:\/\/plazajuarez.mx\/historico\/wp-json\/wp\/v2\/posts"}],"about":[{"href":"https:\/\/plazajuarez.mx\/historico\/wp-json\/wp\/v2\/types\/post"}],"author":[{"embeddable":true,"href":"https:\/\/plazajuarez.mx\/historico\/wp-json\/wp\/v2\/users\/80"}],"replies":[{"embeddable":true,"href":"https:\/\/plazajuarez.mx\/historico\/wp-json\/wp\/v2\/comments?post=248475"}],"version-history":[{"count":0,"href":"https:\/\/plazajuarez.mx\/historico\/wp-json\/wp\/v2\/posts\/248475\/revisions"}],"wp:featuredmedia":[{"embeddable":true,"href":"https:\/\/plazajuarez.mx\/historico\/wp-json\/wp\/v2\/media\/248476"}],"wp:attachment":[{"href":"https:\/\/plazajuarez.mx\/historico\/wp-json\/wp\/v2\/media?parent=248475"}],"wp:term":[{"taxonomy":"category","embeddable":true,"href":"https:\/\/plazajuarez.mx\/historico\/wp-json\/wp\/v2\/categories?post=248475"},{"taxonomy":"post_tag","embeddable":true,"href":"https:\/\/plazajuarez.mx\/historico\/wp-json\/wp\/v2\/tags?post=248475"}],"curies":[{"name":"wp","href":"https:\/\/api.w.org\/{rel}","templated":true}]}}