{"id":248471,"date":"2023-01-30T12:11:28","date_gmt":"2023-01-30T18:11:28","guid":{"rendered":"https:\/\/plazajuarez.mx\/?p=248471"},"modified":"2023-01-30T12:11:36","modified_gmt":"2023-01-30T18:11:36","slug":"muere-federico-gutierrez-promesa-del-automovilismo-mexicano","status":"publish","type":"post","link":"https:\/\/plazajuarez.mx\/historico\/muere-federico-gutierrez-promesa-del-automovilismo-mexicano\/","title":{"rendered":"Muere Federico Guti\u00e9rrez, promesa del automovilismo mexicano"},"content":{"rendered":"\n<p>El deporte motor de M\u00e9xico ha sufrido una dolorosa p\u00e9rdida con el fallecimiento de Federico Guti\u00e9rrez, una de las grandes promesas del automovilismo.<br><br>Los reportes indican que el joven piloto de 17 a\u00f1os sufri\u00f3 un accidente el domingo por la noche en la carretera Toluca &#8211; Valle de Bravo, en el Estado de M\u00e9xico y esto caus\u00f3 su muerte.<br><br>&#8220;Fico&#8221; iba acompa\u00f1ado de su hermano Max, que tambi\u00e9n es piloto deportivo y quien de inmediato fue trasladado a un hospital para atenderlo tras el impacto.<br><br>El coche en el que iban los hermanos Guti\u00e9rrez termin\u00f3 estrellado contra una camioneta de la marca Ford. Al llegar las autoridades correspondientes al sitio, Federico fue declarado sin vida.<br><br>&#8220;NASCAR M\u00e9xico Series se une a la pena de la Familia, Guti\u00e9rrez, por la partida de nuestro piloto y amigo Federico Guti\u00e9rrez Hoppe&#8221;, escribi\u00f3 la Nascar en sus redes sociales como mensaje de condolencia.<\/p>\n","protected":false},"excerpt":{"rendered":"<p>El deporte motor de M\u00e9xico ha sufrido una dolorosa p\u00e9rdida con el fallecimiento de Federico Guti\u00e9rrez, una de las grandes promesas del automovilismo. Los reportes indican que el joven piloto de 17 a\u00f1os sufri\u00f3 un accidente el domingo por la noche en la carretera Toluca &#8211; Valle de Bravo, en el Estado de M\u00e9xico y [&hellip;]<\/p>\n","protected":false},"author":81,"featured_media":248472,"comment_status":"closed","ping_status":"closed","sticky":false,"template":"","format":"standard","meta":{"footnotes":""},"categories":[39,15],"tags":[],"class_list":["post-248471","post","type-post","status-publish","format-standard","has-post-thumbnail","hentry","category-deportiva","category-destacadas"],"_links":{"self":[{"href":"https:\/\/plazajuarez.mx\/historico\/wp-json\/wp\/v2\/posts\/248471","targetHints":{"allow":["GET"]}}],"collection":[{"href":"https:\/\/plazajuarez.mx\/historico\/wp-json\/wp\/v2\/posts"}],"about":[{"href":"https:\/\/plazajuarez.mx\/historico\/wp-json\/wp\/v2\/types\/post"}],"author":[{"embeddable":true,"href":"https:\/\/plazajuarez.mx\/historico\/wp-json\/wp\/v2\/users\/81"}],"replies":[{"embeddable":true,"href":"https:\/\/plazajuarez.mx\/historico\/wp-json\/wp\/v2\/comments?post=248471"}],"version-history":[{"count":0,"href":"https:\/\/plazajuarez.mx\/historico\/wp-json\/wp\/v2\/posts\/248471\/revisions"}],"wp:featuredmedia":[{"embeddable":true,"href":"https:\/\/plazajuarez.mx\/historico\/wp-json\/wp\/v2\/media\/248472"}],"wp:attachment":[{"href":"https:\/\/plazajuarez.mx\/historico\/wp-json\/wp\/v2\/media?parent=248471"}],"wp:term":[{"taxonomy":"category","embeddable":true,"href":"https:\/\/plazajuarez.mx\/historico\/wp-json\/wp\/v2\/categories?post=248471"},{"taxonomy":"post_tag","embeddable":true,"href":"https:\/\/plazajuarez.mx\/historico\/wp-json\/wp\/v2\/tags?post=248471"}],"curies":[{"name":"wp","href":"https:\/\/api.w.org\/{rel}","templated":true}]}}