{"id":248460,"date":"2023-01-30T09:07:18","date_gmt":"2023-01-30T15:07:18","guid":{"rendered":"https:\/\/plazajuarez.mx\/?p=248460"},"modified":"2023-01-30T09:07:33","modified_gmt":"2023-01-30T15:07:33","slug":"dese-por-enterado-1077","status":"publish","type":"post","link":"https:\/\/plazajuarez.mx\/historico\/dese-por-enterado-1077\/","title":{"rendered":"DESE POR ENTERADO"},"content":{"rendered":"\n<p><strong>BUEN EVENTO EL DEL GOTA DE PLATA<\/strong>. \u2013 La vista de un presidente de la Rep\u00fablica a tierras hidalguenses, antes igual que ahora, es un evento fundamental porque representa, en t\u00e9rminos concretos y palpables, la buena o mala relaci\u00f3n que tiene el gobernador de la entidad con el jefe de la Naci\u00f3n, las grillas que hay en su contra (generalmente conocido como \u201cfuego amigo\u201d), y el futuro que le depara al gobernante. De lo anterior pueden obtenerse las siguientes conclusiones del evento en el auditorio Gota de Plata: 1) El presidente, <strong>Andr\u00e9s Manuel L\u00f3pez Obrador<\/strong>, conf\u00eda y tiene amplia confianza en el gobernador, <strong>Julio Menchaca Salazar<\/strong>. 2) Hidalgo recibir\u00e1 apoyos extraordinarios del gobierno federal, y un apoyo real para su desarrollo. 3) El presidente no tolera grillas en contra de un gobernador al que ya dio su apoyo. 4) El \u00fanico jefe pol\u00edtico de Morena, que hay en Hidalgo, se llama <strong>Julio Menchaca Salazar<\/strong>. 5) El que no entienda los cuatro puntos anotados, y peor si es delegado de una dependencia federal, bien puede olvidarse de ser candidato al Senado de la Rep\u00fablica, igual que los arribistas.<\/p>\n\n\n\n<figure class=\"wp-block-image size-full\"><img loading=\"lazy\" decoding=\"async\" width=\"1842\" height=\"1222\" src=\"https:\/\/plazajuarez.mx\/historico\/historico\/wp-content\/uploads\/2023\/01\/1-2.png\" alt=\"\" class=\"wp-image-248461\" srcset=\"https:\/\/plazajuarez.mx\/historico\/wp-content\/uploads\/2023\/01\/1-2.png 1842w, https:\/\/plazajuarez.mx\/historico\/wp-content\/uploads\/2023\/01\/1-2-768x509.png 768w, https:\/\/plazajuarez.mx\/historico\/wp-content\/uploads\/2023\/01\/1-2-1536x1019.png 1536w, https:\/\/plazajuarez.mx\/historico\/wp-content\/uploads\/2023\/01\/1-2-274x183.png 274w, https:\/\/plazajuarez.mx\/historico\/wp-content\/uploads\/2023\/01\/1-2-80x54.png 80w, https:\/\/plazajuarez.mx\/historico\/wp-content\/uploads\/2023\/01\/1-2-130x87.png 130w, https:\/\/plazajuarez.mx\/historico\/wp-content\/uploads\/2023\/01\/1-2-85x57.png 85w, https:\/\/plazajuarez.mx\/historico\/wp-content\/uploads\/2023\/01\/1-2-165x109.png 165w, https:\/\/plazajuarez.mx\/historico\/wp-content\/uploads\/2023\/01\/1-2-112x75.png 112w, https:\/\/plazajuarez.mx\/historico\/wp-content\/uploads\/2023\/01\/1-2-179x120.png 179w, https:\/\/plazajuarez.mx\/historico\/wp-content\/uploads\/2023\/01\/1-2-170x113.png 170w, https:\/\/plazajuarez.mx\/historico\/wp-content\/uploads\/2023\/01\/1-2-81x55.png 81w\" sizes=\"auto, (max-width: 1842px) 100vw, 1842px\" \/><\/figure>\n\n\n\n<p><strong>ALEJANDRO TELLO, M\u00c1S GRANDE QUE \u201cEL SE\u00d1OR DE ZELONTLA\u201d.<\/strong> &#8211; El que ya pas\u00f3 de sentirse se\u00f1or y amo de Real del Monte, a creerse un semidi\u00f3s romano, es el alcalde <strong>Alejandro Tello<\/strong>, quien, al m\u00e1s puro estilo eg\u00f3latra, mand\u00f3 a colocar su nombre en un castillo de pirotecnia. Lo malo no fue que hiciera esto, sino que su nombre fue colocado por encima de la imagen del Santo patrono, &#8220;El se\u00f1or de Zelontla&#8221;, a quien los realmonteses le celebraron el pasado fin de semana. Las redes sociales no se han hecho esperar, y entre burlas y cr\u00edticas han condenado el actuar del presidente municipal que, con este acto, deja muy en claro la falsa realidad en la que vive, y lo que se cree. Sin embargo, algunos afirman, que no es que haya enloquecido, que siempre ha sido as\u00ed y no hay por qu\u00e9 extra\u00f1arse entonces. \u00a1Ah bueno, as\u00ed ya es diferente!<\/p>\n\n\n\n<figure class=\"wp-block-image size-full\"><img loading=\"lazy\" decoding=\"async\" width=\"958\" height=\"960\" src=\"https:\/\/plazajuarez.mx\/historico\/historico\/wp-content\/uploads\/2023\/01\/ALEJANDRO-TELLO-MA\u0301S-GRANDE-QUE-EL-SEN\u0303OR-DE-ZELONTLA.-FACEBOOK-ALEX-TELLO.jpg\" alt=\"\" class=\"wp-image-248462\" srcset=\"https:\/\/plazajuarez.mx\/historico\/wp-content\/uploads\/2023\/01\/ALEJANDRO-TELLO-MA\u0301S-GRANDE-QUE-EL-SEN\u0303OR-DE-ZELONTLA.-FACEBOOK-ALEX-TELLO.jpg 958w, https:\/\/plazajuarez.mx\/historico\/wp-content\/uploads\/2023\/01\/ALEJANDRO-TELLO-MA\u0301S-GRANDE-QUE-EL-SEN\u0303OR-DE-ZELONTLA.-FACEBOOK-ALEX-TELLO-768x770.jpg 768w, https:\/\/plazajuarez.mx\/historico\/wp-content\/uploads\/2023\/01\/ALEJANDRO-TELLO-MA\u0301S-GRANDE-QUE-EL-SEN\u0303OR-DE-ZELONTLA.-FACEBOOK-ALEX-TELLO-36x36.jpg 36w\" sizes=\"auto, (max-width: 958px) 100vw, 958px\" \/><\/figure>\n\n\n\n<p><strong>CARNAL MARCELO, CON ESOS AMIGOS, PARA QU\u00c9 QUIERES ENEMIGOS<\/strong>. -Un fracaso fue la reuni\u00f3n convocada a favor de <strong>Marcelo Ebrard<\/strong>. Sin pies ni cabeza fue la reuni\u00f3n disfrazada de \u201cconferencia de prensa\u201d que tuvieron Morenistas interesados en quedar bien con todas las corcholatas de Morena, ya que mientras acuden a respaldar a uno, al otro d\u00eda realizan una reuni\u00f3n a favor de otro. Evento en el que m\u00e1s que mostrar el respaldo a favor de <strong>Marcelo<\/strong> los asistentes estrellados trataron de jugarle al Poncio Pilatos: el Pinocho, <strong>Ricardo Baptista<\/strong>; el alacr\u00e1n, <strong>Fortunato<\/strong> y a do\u00f1a <strong>Adelfa Zu\u00f1iga<\/strong>, ya nada m\u00e1s les falt\u00f3 decir: \u201cyo si trabajo; yo s\u00ed robo, pero tantito, y yo s\u00ed traiciono\u201d, porque de los tres perfiles no se hace uno.<\/p>\n\n\n\n<figure class=\"wp-block-image size-full\"><img loading=\"lazy\" decoding=\"async\" width=\"1156\" height=\"521\" src=\"https:\/\/plazajuarez.mx\/historico\/historico\/wp-content\/uploads\/2023\/01\/CARNAL-MARCELO-CON-ESOS-AMIGOS-PARA-QUE\u0301-QUIERES-ENEMIGOS.-CORTESI\u0301A.jpeg\" alt=\"\" class=\"wp-image-248463\" srcset=\"https:\/\/plazajuarez.mx\/historico\/wp-content\/uploads\/2023\/01\/CARNAL-MARCELO-CON-ESOS-AMIGOS-PARA-QUE\u0301-QUIERES-ENEMIGOS.-CORTESI\u0301A.jpeg 1156w, https:\/\/plazajuarez.mx\/historico\/wp-content\/uploads\/2023\/01\/CARNAL-MARCELO-CON-ESOS-AMIGOS-PARA-QUE\u0301-QUIERES-ENEMIGOS.-CORTESI\u0301A-768x346.jpeg 768w\" sizes=\"auto, (max-width: 1156px) 100vw, 1156px\" \/><\/figure>\n\n\n\n<p><strong>ZAPATERO A TUS ZAPATOS<\/strong>. \u2013 Ya, de plano es el momento de que cada uno de los funcionarios que eligi\u00f3 el gobernador <strong>Menchaca<\/strong> para acompa\u00f1arlos en su mandato, se pongan a trabajar en el \u00e1rea que les fue encomendada. Porque resulta que parece moda, el que opinen a diestra y siniestra de responsabilidades que no son de su competencia, pero adem\u00e1s dirijan furibundos mensajes condenatorios y se luzcan en las redes sociales. <strong>Pongan atenci\u00f3n porque el gobernador Menchaca les dijo claramente que NO HABR\u00c1 SEGUNDA OPORTUNIDADES. Ya estuvo suave.<\/strong><\/p>\n\n\n\n<figure class=\"wp-block-image size-full\"><img loading=\"lazy\" decoding=\"async\" width=\"1216\" height=\"810\" src=\"https:\/\/plazajuarez.mx\/historico\/historico\/wp-content\/uploads\/2023\/01\/ZAPATERO-A-TUS-ZAPATOS-Diario-Plaza-Jua\u0301rez-.jpg\" alt=\"\" class=\"wp-image-248464\" srcset=\"https:\/\/plazajuarez.mx\/historico\/wp-content\/uploads\/2023\/01\/ZAPATERO-A-TUS-ZAPATOS-Diario-Plaza-Jua\u0301rez-.jpg 1216w, https:\/\/plazajuarez.mx\/historico\/wp-content\/uploads\/2023\/01\/ZAPATERO-A-TUS-ZAPATOS-Diario-Plaza-Jua\u0301rez--768x512.jpg 768w, https:\/\/plazajuarez.mx\/historico\/wp-content\/uploads\/2023\/01\/ZAPATERO-A-TUS-ZAPATOS-Diario-Plaza-Jua\u0301rez--274x183.jpg 274w, https:\/\/plazajuarez.mx\/historico\/wp-content\/uploads\/2023\/01\/ZAPATERO-A-TUS-ZAPATOS-Diario-Plaza-Jua\u0301rez--80x54.jpg 80w, https:\/\/plazajuarez.mx\/historico\/wp-content\/uploads\/2023\/01\/ZAPATERO-A-TUS-ZAPATOS-Diario-Plaza-Jua\u0301rez--130x87.jpg 130w, https:\/\/plazajuarez.mx\/historico\/wp-content\/uploads\/2023\/01\/ZAPATERO-A-TUS-ZAPATOS-Diario-Plaza-Jua\u0301rez--359x240.jpg 359w, https:\/\/plazajuarez.mx\/historico\/wp-content\/uploads\/2023\/01\/ZAPATERO-A-TUS-ZAPATOS-Diario-Plaza-Jua\u0301rez--85x57.jpg 85w, https:\/\/plazajuarez.mx\/historico\/wp-content\/uploads\/2023\/01\/ZAPATERO-A-TUS-ZAPATOS-Diario-Plaza-Jua\u0301rez--546x365.jpg 546w, https:\/\/plazajuarez.mx\/historico\/wp-content\/uploads\/2023\/01\/ZAPATERO-A-TUS-ZAPATOS-Diario-Plaza-Jua\u0301rez--165x109.jpg 165w, https:\/\/plazajuarez.mx\/historico\/wp-content\/uploads\/2023\/01\/ZAPATERO-A-TUS-ZAPATOS-Diario-Plaza-Jua\u0301rez--112x75.jpg 112w, https:\/\/plazajuarez.mx\/historico\/wp-content\/uploads\/2023\/01\/ZAPATERO-A-TUS-ZAPATOS-Diario-Plaza-Jua\u0301rez--179x120.jpg 179w, https:\/\/plazajuarez.mx\/historico\/wp-content\/uploads\/2023\/01\/ZAPATERO-A-TUS-ZAPATOS-Diario-Plaza-Jua\u0301rez--170x113.jpg 170w, https:\/\/plazajuarez.mx\/historico\/wp-content\/uploads\/2023\/01\/ZAPATERO-A-TUS-ZAPATOS-Diario-Plaza-Jua\u0301rez--81x55.jpg 81w, https:\/\/plazajuarez.mx\/historico\/wp-content\/uploads\/2023\/01\/ZAPATERO-A-TUS-ZAPATOS-Diario-Plaza-Jua\u0301rez--765x510.jpg 765w\" sizes=\"auto, (max-width: 1216px) 100vw, 1216px\" \/><\/figure>\n\n\n\n<p><strong>Aviso para que no digan: Esta columna se nutre de comentarios recabados por agencias del Recontra-Espionaje, muy similares a las que populariz\u00f3 el \u201cS\u00faper Agente 86\u201d en sus tiempos. Como tal lo que publicamos puede que sea cierto, puede que no, o todo lo contrario. Est\u00e1 usted en libertad de creer o no lo que lee, recontra-enojarse, recontra- carcajearse y hasta recontra-recordarnos a nuestra jefecita (nosotros recontra-haremos lo propio). Avisado est\u00e1 usted.&nbsp;<\/strong><\/p>\n\n\n\n<p><strong>desexenterado@gmail.com @desexenterado&nbsp;<\/strong><\/p>\n","protected":false},"excerpt":{"rendered":"<p>BUEN EVENTO EL DEL GOTA DE PLATA. \u2013 La vista de un presidente de la Rep\u00fablica a tierras hidalguenses, antes igual que ahora, es un evento fundamental porque representa, en t\u00e9rminos concretos y palpables, la buena o mala relaci\u00f3n que tiene el gobernador de la entidad con el jefe de la Naci\u00f3n, las grillas que [&hellip;]<\/p>\n","protected":false},"author":93,"featured_media":234681,"comment_status":"closed","ping_status":"closed","sticky":false,"template":"","format":"standard","meta":{"footnotes":""},"categories":[83],"tags":[],"class_list":["post-248460","post","type-post","status-publish","format-standard","has-post-thumbnail","hentry","category-dese-por-enterado"],"_links":{"self":[{"href":"https:\/\/plazajuarez.mx\/historico\/wp-json\/wp\/v2\/posts\/248460","targetHints":{"allow":["GET"]}}],"collection":[{"href":"https:\/\/plazajuarez.mx\/historico\/wp-json\/wp\/v2\/posts"}],"about":[{"href":"https:\/\/plazajuarez.mx\/historico\/wp-json\/wp\/v2\/types\/post"}],"author":[{"embeddable":true,"href":"https:\/\/plazajuarez.mx\/historico\/wp-json\/wp\/v2\/users\/93"}],"replies":[{"embeddable":true,"href":"https:\/\/plazajuarez.mx\/historico\/wp-json\/wp\/v2\/comments?post=248460"}],"version-history":[{"count":0,"href":"https:\/\/plazajuarez.mx\/historico\/wp-json\/wp\/v2\/posts\/248460\/revisions"}],"wp:featuredmedia":[{"embeddable":true,"href":"https:\/\/plazajuarez.mx\/historico\/wp-json\/wp\/v2\/media\/234681"}],"wp:attachment":[{"href":"https:\/\/plazajuarez.mx\/historico\/wp-json\/wp\/v2\/media?parent=248460"}],"wp:term":[{"taxonomy":"category","embeddable":true,"href":"https:\/\/plazajuarez.mx\/historico\/wp-json\/wp\/v2\/categories?post=248460"},{"taxonomy":"post_tag","embeddable":true,"href":"https:\/\/plazajuarez.mx\/historico\/wp-json\/wp\/v2\/tags?post=248460"}],"curies":[{"name":"wp","href":"https:\/\/api.w.org\/{rel}","templated":true}]}}