{"id":2484,"date":"2015-03-20T06:00:00","date_gmt":"2015-03-20T06:00:00","guid":{"rendered":"http:\/\/plazajuarez.mx\/index\/index.php\/2015\/03\/20\/jovenes-delincuentes-agreden-a-velador\/"},"modified":"2015-03-20T06:00:00","modified_gmt":"2015-03-20T06:00:00","slug":"jovenes-delincuentes-agreden-a-velador","status":"publish","type":"post","link":"https:\/\/plazajuarez.mx\/historico\/jovenes-delincuentes-agreden-a-velador\/","title":{"rendered":"J\u00f3venes delincuentes agreden a velador"},"content":{"rendered":"<p>EN LAS INMEDIACIONES DEL PARQUE HIDALGO\u00a0<\/p>\n<p>  <!--more-->  <\/p>\n<p>\u00a0<\/p>\n<p>La madrugada del mi\u00e9rcoles en las inmediaciones del Parque Hidalgo en Pachuca, elementos de la polic\u00eda capitalina capturaron a cuatro presuntos delincuentes, quienes minutos antes agredieron a un velador de la zona.<\/p>\n<p>\u00a0<\/p>\n<p>La Secretar\u00eda de Seguridad P\u00fablica, Tr\u00e1nsito y Vialidad de Pachuca dio a conocer los hechos, luego de la efectiva intervenci\u00f3n de los oficiales quienes tras una persecuci\u00f3n lograron el aseguramiento de los j\u00f3venes de 19 y 17 a\u00f1os de edad.<\/p>\n<p>\u00a0<\/p>\n<p>Durante una revisi\u00f3n a uno de ellos, que dijo contar con 19 a\u00f1os de edad, le fue localizado un bast\u00f3n de defensa denominado PR-24, un pedazo de tela que portaba en el cuello, un pu\u00f1al con mango de pl\u00e1stico, una placa met\u00e1lica, un cuchillo de 27 cent\u00edmetros, un chaleco t\u00e1ctico y un tel\u00e9fono celular.<\/p>\n<p>\u00a0<\/p>\n<p>Otros dos individuos, ambos de 17 a\u00f1os de edad, portaban un cuchillo con mango, una hoja met\u00e1lica de 20 cent\u00edmetros y un tel\u00e9fono celular, y un cuchillo de 25 cent\u00edmetros, una gorra, un casco bal\u00edstico, un tel\u00e9fono celular y una barreta, adem\u00e1s de otro menor, de 15 a\u00f1os, que portaba un chaleco t\u00e1ctico.<\/p>\n<p>\u00a0<\/p>\n<p>Al lugar de la detenci\u00f3n arrib\u00f3 un velador de los comercios de la zona, mismo que se\u00f1al\u00f3 a los detenidos como el grupo que minutos atr\u00e1s intent\u00f3 abrir un negocio, sin embargo al verse sorprendidos por el vigilante lo intentaron bajar\u00a0 por la fuerza de un veh\u00edculo.<\/p>\n<p>\u00a0<\/p>\n<p>Los vecinos de la zona se percataron de los hechos y dieron aviso a la polic\u00eda capitalina, mientras que los presuntos delincuentes escaparon y se escondieron entre los arbustos del parque.<\/p>\n<p>\u00a0<\/p>\n<p>Al ser encontrados por las autoridades, los j\u00f3venes fueron trasladados hasta el \u00e1rea de retenci\u00f3n del organismo, donde finalmente fueron puestos a disposici\u00f3n de las autoridades encargadas de determinar su situaci\u00f3n legal.<\/p>\n","protected":false},"excerpt":{"rendered":"<p>EN LAS INMEDIACIONES DEL PARQUE HIDALGO\u00a0<\/p>\n","protected":false},"author":93,"featured_media":0,"comment_status":"open","ping_status":"open","sticky":false,"template":"","format":"standard","meta":{"footnotes":""},"categories":[37],"tags":[],"class_list":["post-2484","post","type-post","status-publish","format-standard","hentry","category-barandilla"],"_links":{"self":[{"href":"https:\/\/plazajuarez.mx\/historico\/wp-json\/wp\/v2\/posts\/2484","targetHints":{"allow":["GET"]}}],"collection":[{"href":"https:\/\/plazajuarez.mx\/historico\/wp-json\/wp\/v2\/posts"}],"about":[{"href":"https:\/\/plazajuarez.mx\/historico\/wp-json\/wp\/v2\/types\/post"}],"author":[{"embeddable":true,"href":"https:\/\/plazajuarez.mx\/historico\/wp-json\/wp\/v2\/users\/93"}],"replies":[{"embeddable":true,"href":"https:\/\/plazajuarez.mx\/historico\/wp-json\/wp\/v2\/comments?post=2484"}],"version-history":[{"count":0,"href":"https:\/\/plazajuarez.mx\/historico\/wp-json\/wp\/v2\/posts\/2484\/revisions"}],"wp:attachment":[{"href":"https:\/\/plazajuarez.mx\/historico\/wp-json\/wp\/v2\/media?parent=2484"}],"wp:term":[{"taxonomy":"category","embeddable":true,"href":"https:\/\/plazajuarez.mx\/historico\/wp-json\/wp\/v2\/categories?post=2484"},{"taxonomy":"post_tag","embeddable":true,"href":"https:\/\/plazajuarez.mx\/historico\/wp-json\/wp\/v2\/tags?post=2484"}],"curies":[{"name":"wp","href":"https:\/\/api.w.org\/{rel}","templated":true}]}}