{"id":248310,"date":"2023-01-28T13:12:44","date_gmt":"2023-01-28T19:12:44","guid":{"rendered":"https:\/\/plazajuarez.mx\/?p=248310"},"modified":"2023-01-28T13:12:51","modified_gmt":"2023-01-28T19:12:51","slug":"llama-alito-a-concertar-un-frente-comun-contra-reforma-electoral","status":"publish","type":"post","link":"https:\/\/plazajuarez.mx\/historico\/llama-alito-a-concertar-un-frente-comun-contra-reforma-electoral\/","title":{"rendered":"Llama &#8220;Alito&#8221; a concertar un frente com\u00fan contra reforma electoral"},"content":{"rendered":"\n<p>Frente a los &#8220;ataques&#8221; del presidente L\u00f3pez Obrador al INE, al TEPJF y la SCJN que buscan desmantelar a las instituciones democr\u00e1ticas del pa\u00eds, el l\u00edder del PRI, Alejandro Moreno, llam\u00f3 a los partidos de oposici\u00f3n a establecer una estrategia y un frente com\u00fan para frenar &#8220;la ruin reforma antidemocr\u00e1tica que busca el partido en el poder&#8221; del llamado Plan B de la reforma electoral.<br><br>Expuso que el r\u00e9gimen democr\u00e1tico en M\u00e9xico atraviesa por momentos de extrema gravedad que ponen en peligro la observancia de derechos humanos y libertades.<br><br>Subray\u00f3 que la situaci\u00f3n exige que los partidos pol\u00edticos de oposici\u00f3n estemos listos para actuar en la defensa de las conquistas ciudadanas. Y PRI, expres\u00f3, lo est\u00e1.<\/p>\n\n\n\n<p><strong>Gobierno de AMLO, populismo de derecha: Moreno<br><\/strong><br>En su an\u00e1lisis, se\u00f1al\u00f3 que la justicia social y la democracia est\u00e1n m\u00e1s vigentes que nunca frente al populismo de extrema derecha que caracteriza indudablemente al actual partido en el poder, &#8220;que con el disfraz de izquierda busca acabar con los derechos y libertades sociales&#8221;.<br><br>&#8220;Alito&#8221;, agreg\u00f3 que &#8220;no podamos permanecer indiferentes ante la amenaza real e inminente de autoritarismo del actual partido en el poder&#8221;.<br><br>Explic\u00f3 que hoy, como nunca, desde el gobierno se busca aniquilar a la oposici\u00f3n, debilitar a los poderes p\u00fablicos, acallar las inconformidades, doblar a los medios de comunicaci\u00f3n, deso\u00edr a las comunidades ind\u00edgenas, agraviar a los familiares de v\u00edctimas, debilitar a las instituciones educativas, empoderar al crimen, fomentar la corrupci\u00f3n, centralizar el poder p\u00fablico y dividir a los mexicanos.<\/p>\n","protected":false},"excerpt":{"rendered":"<p>Frente a los &#8220;ataques&#8221; del presidente L\u00f3pez Obrador al INE, al TEPJF y la SCJN que buscan desmantelar a las instituciones democr\u00e1ticas del pa\u00eds, el l\u00edder del PRI, Alejandro Moreno, llam\u00f3 a los partidos de oposici\u00f3n a establecer una estrategia y un frente com\u00fan para frenar &#8220;la ruin reforma antidemocr\u00e1tica que busca el partido en [&hellip;]<\/p>\n","protected":false},"author":81,"featured_media":248312,"comment_status":"closed","ping_status":"closed","sticky":false,"template":"","format":"standard","meta":{"footnotes":""},"categories":[15,36],"tags":[],"class_list":["post-248310","post","type-post","status-publish","format-standard","has-post-thumbnail","hentry","category-destacadas","category-nacion"],"_links":{"self":[{"href":"https:\/\/plazajuarez.mx\/historico\/wp-json\/wp\/v2\/posts\/248310","targetHints":{"allow":["GET"]}}],"collection":[{"href":"https:\/\/plazajuarez.mx\/historico\/wp-json\/wp\/v2\/posts"}],"about":[{"href":"https:\/\/plazajuarez.mx\/historico\/wp-json\/wp\/v2\/types\/post"}],"author":[{"embeddable":true,"href":"https:\/\/plazajuarez.mx\/historico\/wp-json\/wp\/v2\/users\/81"}],"replies":[{"embeddable":true,"href":"https:\/\/plazajuarez.mx\/historico\/wp-json\/wp\/v2\/comments?post=248310"}],"version-history":[{"count":0,"href":"https:\/\/plazajuarez.mx\/historico\/wp-json\/wp\/v2\/posts\/248310\/revisions"}],"wp:featuredmedia":[{"embeddable":true,"href":"https:\/\/plazajuarez.mx\/historico\/wp-json\/wp\/v2\/media\/248312"}],"wp:attachment":[{"href":"https:\/\/plazajuarez.mx\/historico\/wp-json\/wp\/v2\/media?parent=248310"}],"wp:term":[{"taxonomy":"category","embeddable":true,"href":"https:\/\/plazajuarez.mx\/historico\/wp-json\/wp\/v2\/categories?post=248310"},{"taxonomy":"post_tag","embeddable":true,"href":"https:\/\/plazajuarez.mx\/historico\/wp-json\/wp\/v2\/tags?post=248310"}],"curies":[{"name":"wp","href":"https:\/\/api.w.org\/{rel}","templated":true}]}}