{"id":248226,"date":"2023-01-28T05:00:00","date_gmt":"2023-01-28T11:00:00","guid":{"rendered":"https:\/\/plazajuarez.mx\/?p=248226"},"modified":"2023-01-27T18:32:50","modified_gmt":"2023-01-28T00:32:50","slug":"miradas-de-la-justicia","status":"publish","type":"post","link":"https:\/\/plazajuarez.mx\/historico\/miradas-de-la-justicia\/","title":{"rendered":"Miradas de la justicia"},"content":{"rendered":"\n<h2 class=\"wp-block-heading\"><strong><em>Entre l\u00edneas<\/em><\/strong><\/h2>\n\n\n\n<p>Al contemplar algo -una situaci\u00f3n, un objeto o una persona- se aprecia desde un solo punto de vista, desde quien lo observa\u2026una perspectiva particular.<\/p>\n\n\n\n<p>Por ello, para hacer efectivos los derechos humanos de las personas especialmente vulnerables (como las <em>mujeres, personas en infancia o adolescencia, adultas mayores, <\/em>con discapacidad -o mejor dicho \u201c<em>diversidad funcional<\/em>\u201d-, <em>ind\u00edgenas, afrodescendientes, migrantes, <\/em>de la <em>diversidad sexual, privadas de la libertad<\/em>), se han creado m\u00e9todos de interpretaci\u00f3n -o visi\u00f3n- para apreciar los hechos que recurrentemente vive ese sector de la poblaci\u00f3n y ajustar el derecho a fin de tutelar y garantizar sus m\u00ednimos existenciales como son la dignidad, igualdad y libertad.<\/p>\n\n\n\n<p>As\u00ed, la Suprema Corte de Justicia de la Naci\u00f3n, comprometida con la obligaci\u00f3n de promover, respetar, proteger y garantizar los derechos humanos, ha creado diversos <em>Protocolos<\/em>, con lineamientos recomendables para actuar correctamente en la tutela de dichos grupos, visiones que muestran determinada <em>Perspectiva [para juzgar] <\/em>que sirve a todas las personas para comprender el alcance de los derechos de los grupos vulnerables observ\u00e1ndolos con:<\/p>\n\n\n\n<ol class=\"wp-block-list\"><li><strong><em>Perspectiva de g\u00e9nero (PGe);<\/em><\/strong><em> <\/em>consiste en detectar los contextos de violencia o desventaja de la mujer, ante los prejuicios generalizados que la colocan en relaciones asim\u00e9tricas de poder con el hombre y generan discriminaci\u00f3n.<\/li><li><strong><em>Perspectiva de infancia o adolescencia (NNA); <\/em><\/strong>implica dilucidar la cuesti\u00f3n aplicando el inter\u00e9s superior de la infancia y la protecci\u00f3n reforzada para favorecer el bienestar de ni\u00f1as, ni\u00f1os y adolescentes evitando la revictimizaci\u00f3n y supliendo totalmente la queja (peticiones) en todas las instancias y procedimientos.&nbsp; <strong>&nbsp;<\/strong><\/li><li><strong><em>Perspectiva de orientaci\u00f3n sexual<\/em><\/strong><em>,<\/em><strong><em> <\/em><\/strong><em>identidad y expresi\u00f3n de g\u00e9nero, y caracter\u00edsticas sexuales <\/em><strong><em>(OSIEGCS); <\/em><\/strong>en interdependencia con la perspectiva de g\u00e9nero, se aplica para salvaguardar el libre desarrollo de la personalidad, la identidad sexual y de g\u00e9nero, la libertad de expresi\u00f3n, vida privada y familiar, la igualdad y no discriminaci\u00f3n, de personas LGBTI+ (lesbianas, gays, bisexuales, trasvestis, transexuales, transg\u00e9nero, intersexual, queer).&nbsp;<\/li><li><strong><em>Perspectiva de \u201cdiscapacidad\u201d<\/em><\/strong><strong> -o diversidad funcional-; <\/strong>implica garantizar la inclusi\u00f3n de las personas que tienen una funci\u00f3n (f\u00edsica, intelectual, mental, sensorial, psicosocial, m\u00faltiple, auditiva o visual) distinta a la generalidad, logrando identificar la discriminaci\u00f3n de que son objeto virtud a los estereotipos que los marginan, para eliminar las barreras impuestas en el entorno y hacer patente su plena participaci\u00f3n social y capacidad jur\u00eddica.&nbsp;<\/li><li><strong><em>Perspectiva intercultural<\/em><\/strong><em> sobre personas, pueblos y comunidades <\/em><strong><em>ind\u00edgenas, afrodescendientes o afromexicanas; <\/em><\/strong>consiste en observar la multi, pluri e interculturalidad de quienes hist\u00f3ricamente por su origen \u00e9tnico han sido discriminados racialmente y colocados en desigualdad estructural, con la finalidad de eliminar las brechas de desigualdad, respetando su autoadscripci\u00f3n, libertad de autodeterminaci\u00f3n, acceso a la justicia en igualdad para favorecer la diversidad.<\/li><li><strong><em>&nbsp;Perspectiva sobre personas privadas de la libertad<\/em><\/strong><em>,<\/em> <em>casos de tortura y malos tratos; <\/em>implica visibilizar el uso ileg\u00edtimo de la fuerza y la violencia sexual como actos de tortura; a \u00e9sta, y a los malos tratos, identificarlos como un delito y como violaci\u00f3n a un derecho humano, que trasgrede la integridad y dignidad humana.<\/li><\/ol>\n\n\n\n<p>Por tanto, hacer justicia de vanguardia para garantizar un estado social libre y democr\u00e1tico de derecho, es tanto como asemejarse al famoso cantante brit\u00e1nico Elton Jhon -a quien le gusta usar m\u00faltiples gafas-, ya que para impartir una justicia completa (como mandata el art\u00edculo 17 Constitucional) hay que ponerse los \u201clentes correctos\u201d utilizando las distintas miradas de la justicia, la perspectiva adecuada que permita contemplar con claridad la realidad, porque parafraseando al fil\u00f3sofo portugu\u00e9s Fernando Pessoa \u201c<em>la visi\u00f3n es el tacto del esp\u00edritu\u201d.<\/em>&nbsp;&nbsp;<\/p>\n","protected":false},"excerpt":{"rendered":"<p>Entre l\u00edneas Al contemplar algo -una situaci\u00f3n, un objeto o una persona- se aprecia desde un solo punto de vista, desde quien lo observa\u2026una perspectiva particular. Por ello, para hacer efectivos los derechos humanos de las personas especialmente vulnerables (como las mujeres, personas en infancia o adolescencia, adultas mayores, con discapacidad -o mejor dicho \u201cdiversidad [&hellip;]<\/p>\n","protected":false},"author":107,"featured_media":235238,"comment_status":"closed","ping_status":"closed","sticky":false,"template":"","format":"standard","meta":{"footnotes":""},"categories":[2164,42],"tags":[],"class_list":["post-248226","post","type-post","status-publish","format-standard","has-post-thumbnail","hentry","category-dalia-ibonne-ortega-gonzalez","category-nuestrapalabra"],"_links":{"self":[{"href":"https:\/\/plazajuarez.mx\/historico\/wp-json\/wp\/v2\/posts\/248226","targetHints":{"allow":["GET"]}}],"collection":[{"href":"https:\/\/plazajuarez.mx\/historico\/wp-json\/wp\/v2\/posts"}],"about":[{"href":"https:\/\/plazajuarez.mx\/historico\/wp-json\/wp\/v2\/types\/post"}],"author":[{"embeddable":true,"href":"https:\/\/plazajuarez.mx\/historico\/wp-json\/wp\/v2\/users\/107"}],"replies":[{"embeddable":true,"href":"https:\/\/plazajuarez.mx\/historico\/wp-json\/wp\/v2\/comments?post=248226"}],"version-history":[{"count":0,"href":"https:\/\/plazajuarez.mx\/historico\/wp-json\/wp\/v2\/posts\/248226\/revisions"}],"wp:featuredmedia":[{"embeddable":true,"href":"https:\/\/plazajuarez.mx\/historico\/wp-json\/wp\/v2\/media\/235238"}],"wp:attachment":[{"href":"https:\/\/plazajuarez.mx\/historico\/wp-json\/wp\/v2\/media?parent=248226"}],"wp:term":[{"taxonomy":"category","embeddable":true,"href":"https:\/\/plazajuarez.mx\/historico\/wp-json\/wp\/v2\/categories?post=248226"},{"taxonomy":"post_tag","embeddable":true,"href":"https:\/\/plazajuarez.mx\/historico\/wp-json\/wp\/v2\/tags?post=248226"}],"curies":[{"name":"wp","href":"https:\/\/api.w.org\/{rel}","templated":true}]}}