{"id":2482,"date":"2015-03-20T06:00:00","date_gmt":"2015-03-20T06:00:00","guid":{"rendered":"http:\/\/plazajuarez.mx\/index\/index.php\/2015\/03\/20\/no-permitiremos-grupos-armados\/"},"modified":"2015-03-20T06:00:00","modified_gmt":"2015-03-20T06:00:00","slug":"no-permitiremos-grupos-armados","status":"publish","type":"post","link":"https:\/\/plazajuarez.mx\/historico\/no-permitiremos-grupos-armados\/","title":{"rendered":"\u201cNo permitiremos  grupos armados\u201d"},"content":{"rendered":"<p>REAFIRMA OLVERA RUIZ:<\/p>\n<p>* Anunci\u00f3 que en el caso de Mixquiahuala ya se ha hablado con los habitantes y se est\u00e1 al pendiente<\/p>\n<p>  <!--more-->  <\/p>\n<p>\u00a0<\/p>\n<p>En \u00a0entrevista, el gobernador del estado Jos\u00e9 Francisco Olvera Ruiz, garantiz\u00f3 que al momento no se tiene ninguna informaci\u00f3n de que los grupos de vigilancia que se han formado en el municipio de Mixquiahuala tengan armamento, pues, de lo contrario, tendr\u00eda que intervenir el Ej\u00e9rcito.<\/p>\n<p>\u00a0<\/p>\n<p>Sobre el caso, el mandatario estatal explic\u00f3 que \u201cse ha hablado con los delegados, ha estado la Secretar\u00eda de Gobernaci\u00f3n atenta y pendiente, y ellos saben que si se muestran armados pues nos vamos a hacer a un lado para que entre el Ej\u00e9rcito, no est\u00e1 permitido ni vamos a permitir que se organicen con armamento\u201d, sentenci\u00f3 el Jefe del Ejecutivo local.<\/p>\n<p>\u00a0<\/p>\n<p>Sostuvo que hoy la ley permite la posibilidad de que se organicen como sociedad civil, tanto en la normativa org\u00e1nica de la administraci\u00f3n p\u00fablica municipal como en los reglamentos, donde se establece que las estructuras delegacionales pueden tener grupos de vigilancia.<\/p>\n<p>\u00a0<\/p>\n<p>Enfatiz\u00f3 que esta es la figura que se permite y siempre ha existido para barrios, colonias y comunidades, a efecto de que este grupo de ciudadanos ayuden en la tarea de vigilar, informar y cuidarse entre ellos, pero cuando hay un delito est\u00e1n obligados a informar a las autoridades para que intervengan.<\/p>\n<p>\u00a0<\/p>\n<p>Olvera Ruiz manifest\u00f3 que \u201cMixquiahuala es un lugar cercano, no est\u00e1 incomunicado, todas las comunidades tienen acceso, las autoridades pueden llegar de manera muy r\u00e1pida\u201d, de ah\u00ed que ante cualquier situaci\u00f3n se puede atender.<\/p>\n<p>\u00a0<\/p>\n<p>Acept\u00f3 tener conocimiento de que terceros est\u00e1n promoviendo la creaci\u00f3n de grupos de autodefensa, los cuales consider\u00f3 que son innecesarios porque desde la ley ya est\u00e1 contemplada la figura de vigilancia comunitaria y \u00e9sta es la que se est\u00e1 promoviendo bajo un esquema formal, pero no uno aut\u00f3nomo y mucho menos con utilizaci\u00f3n de armas.<\/p>\n<p>\u00a0<\/p>\n<p>Ante esta situaci\u00f3n, reconoci\u00f3 que en las \u00faltimas semanas no s\u00f3lo Seguridad Estatal ha reforzado la seguridad en la zona sino tambi\u00e9n realiza operativos el Ej\u00e9rcito, desde la semana pasada.<\/p>\n<p>\u00a0<\/p>\n<p>Revel\u00f3 que hay quienes est\u00e1n aprovechando este tipo de temas para organizar y conformar organizaciones independientes y aut\u00f3nomas, lo cual consider\u00f3 un riesgo y lo hacen poniendo en riesgo a la misma poblaci\u00f3n, \u201cporque si t\u00fa tienes un grupo de autodefensa, lo vas a enfrentar con otro, digo que vas a hacer, y por eso est\u00e1 la autoridad, las fuerzas del orden, entonces las organizaciones comunitarias s\u00ed se deben de realizar, cumplen un perfil y el complemento lo debemos de dar nosotros\u201d, remat\u00f3 el gobernador de Hidalgo.<\/p>\n","protected":false},"excerpt":{"rendered":"<p>REAFIRMA OLVERA RUIZ: * Anunci\u00f3 que en el caso de Mixquiahuala ya se ha hablado con los habitantes y se est\u00e1 al pendiente<\/p>\n","protected":false},"author":93,"featured_media":0,"comment_status":"open","ping_status":"open","sticky":false,"template":"","format":"standard","meta":{"footnotes":""},"categories":[59],"tags":[],"class_list":["post-2482","post","type-post","status-publish","format-standard","hentry","category-general"],"_links":{"self":[{"href":"https:\/\/plazajuarez.mx\/historico\/wp-json\/wp\/v2\/posts\/2482","targetHints":{"allow":["GET"]}}],"collection":[{"href":"https:\/\/plazajuarez.mx\/historico\/wp-json\/wp\/v2\/posts"}],"about":[{"href":"https:\/\/plazajuarez.mx\/historico\/wp-json\/wp\/v2\/types\/post"}],"author":[{"embeddable":true,"href":"https:\/\/plazajuarez.mx\/historico\/wp-json\/wp\/v2\/users\/93"}],"replies":[{"embeddable":true,"href":"https:\/\/plazajuarez.mx\/historico\/wp-json\/wp\/v2\/comments?post=2482"}],"version-history":[{"count":0,"href":"https:\/\/plazajuarez.mx\/historico\/wp-json\/wp\/v2\/posts\/2482\/revisions"}],"wp:attachment":[{"href":"https:\/\/plazajuarez.mx\/historico\/wp-json\/wp\/v2\/media?parent=2482"}],"wp:term":[{"taxonomy":"category","embeddable":true,"href":"https:\/\/plazajuarez.mx\/historico\/wp-json\/wp\/v2\/categories?post=2482"},{"taxonomy":"post_tag","embeddable":true,"href":"https:\/\/plazajuarez.mx\/historico\/wp-json\/wp\/v2\/tags?post=2482"}],"curies":[{"name":"wp","href":"https:\/\/api.w.org\/{rel}","templated":true}]}}