{"id":248097,"date":"2023-01-27T05:00:00","date_gmt":"2023-01-27T11:00:00","guid":{"rendered":"https:\/\/plazajuarez.mx\/?p=248097"},"modified":"2023-01-26T20:15:40","modified_gmt":"2023-01-27T02:15:40","slug":"frente-frio","status":"publish","type":"post","link":"https:\/\/plazajuarez.mx\/historico\/frente-frio\/","title":{"rendered":"Frente fr\u00edo\u2026"},"content":{"rendered":"\n<h2 class=\"wp-block-heading\"><strong>Pido la palabra<\/strong><\/h2>\n\n\n\n<p>La situaci\u00f3n por la que atravesamos empieza dar mucho fr\u00edo, y por supuesto que no me refiero \u00fanicamente a la baja temperatura que pr\u00e1cticamente ya se ha plantado en la mayor\u00eda de los Estados de la Rep\u00fablica; m\u00e1s bien, por el estado de cosas que cotidianamente se est\u00e1n presentando en nuestro pa\u00eds.<\/p>\n\n\n\n<p>Empezando por ese efecto cucaracha, m\u00e1s o menos reconocido en algunos Estados de la Rep\u00fablica, y aceptando que se puede presentar por la presi\u00f3n que se est\u00e1 ejerciendo en otras entidades federativas en torno a la delincuencia, y es evidente que hoy los mexicanos nos encontramos en una terrible zozobra, al encontrarnos en varios frentes b\u00e9licos. Salir en la noche en carretera ya no nos impulsa la seguridad sino la necesidad o la urgencia.<\/p>\n\n\n\n<p>Bajo estas circunstancias, la desbandada podr\u00eda darse entre la poblaci\u00f3n civil y no por los delincuentes.<\/p>\n\n\n\n<p>La gente de bien (que estoy seguro, es la mayor\u00eda de la poblaci\u00f3n), quiere tranquilidad, no andar cuid\u00e1ndose cada que salgan a la calle, con la incertidumbre de si podr\u00e1n regresar a sus casas; ese fr\u00edo es m\u00e1s fuerte que el derivado del cambio clim\u00e1tico, por m\u00e1s que se digan en todos los foros, mediante cifras oficiales, que se ha avanzado en la pol\u00edtica de seguridad, la poblaci\u00f3n sigue teniendo miedo.<\/p>\n\n\n\n<p>Pero ese es solo una parte del v\u00f3rtice que nos llena de fr\u00edo no solo el cuerpo, sino tambi\u00e9n el coraz\u00f3n, pues el \u00e1nimo se nos estruja cuando se dice que una ley o reforma nos va a resolver los problemas que nos aquejan, pero en muchos casos, est\u00e1n hechas al vapor o sin los m\u00ednimos estudios de factibilidad, por lo que terminan por ser m\u00e1s nocivas que aquellas que se derogaron o abrogaron.<\/p>\n\n\n\n<p>Otro frente fr\u00edo es por el aumento de los casos de enfermos de la Covid- 19 y el consecuente incremento en el n\u00famero de muertos; si bien el n\u00famero de defunciones es alarmante, tanto por la desgracia que en s\u00ed mismas representan para igual n\u00famero de familias, lo es igual por la sombra de las medidas que por contingencia pueden tomar las autoridades de los tres niveles, a veces tarde, a veces insuficientes.<\/p>\n\n\n\n<p>Ondas g\u00e9lidas invaden al territorio nacional, pues los problemas de M\u00e9xico no se resuelven en convenciones nacionales o internacionales, tampoco se resuelven con declaraciones partidistas ni mucho menos con buenos deseos de los que hacen leyes al vapor y despu\u00e9s se dicen \u201cchamaqueados\u201d para justificar las malas proyecciones que se topan con la realidad.<\/p>\n\n\n\n<p>El pueblo mexicano necesita calor, pero no de ese calor que proporcionan las cobijas que en algunas regiones solo sirven para sacar la foto del que las compr\u00f3 con presupuesto oficial; los mexicanos quieren ese calor que da el entendimiento de su realidad, el calor propio de la sensibilidad a los problemas que d\u00eda con d\u00eda los aquejan; los mexicanos quieren cada noche, ir a dormir con la tranquilidad de saber que ma\u00f1ana amanecer\u00e1n y su trabajo seguir\u00e1 estando ah\u00ed, que sus hijos podr\u00e1n disfrutar de un desayuno, que al padre o a la madre no le cost\u00f3 sangre y l\u00e1grimas, y s\u00ed mucho sudor, que lo har\u00eda disfrutar ese pan del esfuerzo.<\/p>\n\n\n\n<p>Mientras esa tranquilidad y esa sed de \u201caqu\u00ed estoy, h\u00e1ganme caso\u201d no se vea en nuestros gobernantes, los mexicanos seguiremos teniendo fr\u00edo y el que tiene fr\u00edo, terminar\u00e1 tambi\u00e9n por congel\u00e1rsele el amor a la democracia.<\/p>\n\n\n\n<p><strong>Las palabras se las lleva el viento, pero mi pensamiento escrito est\u00e1<\/strong><\/p>\n","protected":false},"excerpt":{"rendered":"<p>Pido la palabra La situaci\u00f3n por la que atravesamos empieza dar mucho fr\u00edo, y por supuesto que no me refiero \u00fanicamente a la baja temperatura que pr\u00e1cticamente ya se ha plantado en la mayor\u00eda de los Estados de la Rep\u00fablica; m\u00e1s bien, por el estado de cosas que cotidianamente se est\u00e1n presentando en nuestro pa\u00eds. [&hellip;]<\/p>\n","protected":false},"author":86,"featured_media":235075,"comment_status":"closed","ping_status":"closed","sticky":false,"template":"","format":"standard","meta":{"footnotes":""},"categories":[51,42],"tags":[],"class_list":["post-248097","post","type-post","status-publish","format-standard","has-post-thumbnail","hentry","category-miguel-rosales","category-nuestrapalabra"],"_links":{"self":[{"href":"https:\/\/plazajuarez.mx\/historico\/wp-json\/wp\/v2\/posts\/248097","targetHints":{"allow":["GET"]}}],"collection":[{"href":"https:\/\/plazajuarez.mx\/historico\/wp-json\/wp\/v2\/posts"}],"about":[{"href":"https:\/\/plazajuarez.mx\/historico\/wp-json\/wp\/v2\/types\/post"}],"author":[{"embeddable":true,"href":"https:\/\/plazajuarez.mx\/historico\/wp-json\/wp\/v2\/users\/86"}],"replies":[{"embeddable":true,"href":"https:\/\/plazajuarez.mx\/historico\/wp-json\/wp\/v2\/comments?post=248097"}],"version-history":[{"count":0,"href":"https:\/\/plazajuarez.mx\/historico\/wp-json\/wp\/v2\/posts\/248097\/revisions"}],"wp:featuredmedia":[{"embeddable":true,"href":"https:\/\/plazajuarez.mx\/historico\/wp-json\/wp\/v2\/media\/235075"}],"wp:attachment":[{"href":"https:\/\/plazajuarez.mx\/historico\/wp-json\/wp\/v2\/media?parent=248097"}],"wp:term":[{"taxonomy":"category","embeddable":true,"href":"https:\/\/plazajuarez.mx\/historico\/wp-json\/wp\/v2\/categories?post=248097"},{"taxonomy":"post_tag","embeddable":true,"href":"https:\/\/plazajuarez.mx\/historico\/wp-json\/wp\/v2\/tags?post=248097"}],"curies":[{"name":"wp","href":"https:\/\/api.w.org\/{rel}","templated":true}]}}