{"id":248083,"date":"2023-01-27T05:00:00","date_gmt":"2023-01-27T11:00:00","guid":{"rendered":"https:\/\/plazajuarez.mx\/?p=248083"},"modified":"2023-01-26T20:10:29","modified_gmt":"2023-01-27T02:10:29","slug":"un-pueblo-sin-el-rostro-de-quien-le-da-vida-no-es-pueblo","status":"publish","type":"post","link":"https:\/\/plazajuarez.mx\/historico\/un-pueblo-sin-el-rostro-de-quien-le-da-vida-no-es-pueblo\/","title":{"rendered":"Un pueblo sin el rostro de quien le da vida, no es pueblo"},"content":{"rendered":"\n<h2 class=\"wp-block-heading\">RETRATOS HABLADOS<\/h2>\n\n\n\n<p>Igual que usted, tengo una fe profunda en la grandeza de un pa\u00eds como M\u00e9xico para salir adelante de cualquier calamidad que le toque vivir. Estoy seguro que a la plaga de malos pol\u00edticos que han gobernado a la naci\u00f3n, pero tambi\u00e9n a los que con buenas intenciones terminan igual que los otros, siempre hemos acabado por reencontrar el camino y confirmar que, pese a todo, contra todo, persiste un esp\u00edritu \u00fanico que nos da identidad y vocaci\u00f3n para sobrevivir.<\/p>\n\n\n\n<p>Sin embargo, no podemos, no debemos confundir esa f\u00e9rrea voluntad de cada uno de los mexicanos, con la figura siempre dif\u00edcil de entender del pueblo, porque pueblo, lo hemos dicho una y mil veces, al final del d\u00eda no es nadie, y solo tiene aplicaci\u00f3n en la palabrer\u00eda de los que una ma\u00f1ana est\u00e1n dispuestos a inmolarse por \u00e9l, y al atardecer ordena que los aporreen con macanas. Y como pueblo no es en t\u00e9rminos concretos una persona con nombre y apellido, entonces sucede que no se le peg\u00f3 a nadie.<\/p>\n\n\n\n<p>Han sido si se quiere cientos, miles, los que con un rostro real de cada uno de quienes lo integran, se han sumado para buscar en momentos hist\u00f3ricos de la naci\u00f3n, un cambio que permita que los condenados hasta la eternidad por la miseria, dejen esa condici\u00f3n y marquen la diferencia cuando uno de sus hijos ha logrado estudios universitarios, a veces tambi\u00e9n de maestr\u00eda y doctorado.<\/p>\n\n\n\n<p>Estudiar no es garant\u00eda de progreso o enriquecimiento, pero s\u00ed de esperanza en que las cosas cambien paso a paso, y que la historia sin fin que conduc\u00eda a que generaciones y generaciones corrieran la misma suerte, cambie para bien, y tambi\u00e9n para que nunca m\u00e1s sean utilizados en calidad de \u201cpueblo\u201d para proceso electorales, o para avalar a s\u00e1trapas en el poder.<\/p>\n\n\n\n<p>Si usted quiere al pueblo lo conforman individuos, como un principio l\u00f3gico, pero con un rostro, un sue\u00f1o particular que, cuando coincide en muchos, da como origen al final de cuentas una fuerza \u00fanica. A los individuos que dan origen a movimientos sociales como la Independencia, la Revoluci\u00f3n, los une un ideal, no la conveniencia que se compra con dinero. Los une, los re\u00fane la capacidad de tener ideales, de disentir entre ellos mismos, de dar la espalda a todo signo de totalitarismos o imposiciones de verdades absolutas.<\/p>\n\n\n\n<p>Por eso al final del d\u00eda una naci\u00f3n como la nuestra sobrevive a todo, y un pueblo entendido como la masa que se manipula al antojo del poderoso, termina derrotado, humillado, porque los sin rostro no tienen conciencia de nada.<\/p>\n\n\n\n<p>Son tiempos los que hoy vivimos, que nunca hab\u00edamos imaginado siquiera, que representan el reto may\u00fasculo de caminar juntos, pero sin volver a repetir la idea de todo ansioso de poder, de que la p\u00e9rdida de identidad, de individualidad, representa un don; que hacerse nadie para no ser catalogado como ambicioso, es algo sano y bendecido.<\/p>\n\n\n\n<p>M\u00e9xico siempre saldr\u00e1 adelante, porque en toda su historia surgieron personajes que dejaron de tratar al pueblo como carne de ca\u00f1\u00f3n, mercanc\u00eda, masa amorfa y sin ideas, y le otorgaron un rostro a cada uno de quienes lo integran.<\/p>\n\n\n\n<p>Y con esa simple acci\u00f3n, lograron comprender y hacer que los dem\u00e1s comprendieran algo simple pero vital: un pueblo es real cuando se les haba con el nombre de cada uno de los que lo conforman, no con la palabra que lleva en si el desprecio y la indiferencia absoluta: pueblo.<\/p>\n\n\n\n<p>Mil gracias, hasta el pr\u00f3ximo lunes.<\/p>\n\n\n\n<p><a href=\"mailto:jeperalta@plazajuarez.mx\/historico\/historico\">jeperalta@plazajuarez.mx\/historico\/historico<\/a><\/p>\n\n\n\n<p>@JavierEPeralta<\/p>\n","protected":false},"excerpt":{"rendered":"<p>RETRATOS HABLADOS Igual que usted, tengo una fe profunda en la grandeza de un pa\u00eds como M\u00e9xico para salir adelante de cualquier calamidad que le toque vivir. Estoy seguro que a la plaga de malos pol\u00edticos que han gobernado a la naci\u00f3n, pero tambi\u00e9n a los que con buenas intenciones terminan igual que los otros, [&hellip;]<\/p>\n","protected":false},"author":10,"featured_media":241756,"comment_status":"closed","ping_status":"closed","sticky":false,"template":"","format":"standard","meta":{"footnotes":""},"categories":[49,42],"tags":[],"class_list":["post-248083","post","type-post","status-publish","format-standard","has-post-thumbnail","hentry","category-javier-peralta","category-nuestrapalabra"],"_links":{"self":[{"href":"https:\/\/plazajuarez.mx\/historico\/wp-json\/wp\/v2\/posts\/248083","targetHints":{"allow":["GET"]}}],"collection":[{"href":"https:\/\/plazajuarez.mx\/historico\/wp-json\/wp\/v2\/posts"}],"about":[{"href":"https:\/\/plazajuarez.mx\/historico\/wp-json\/wp\/v2\/types\/post"}],"author":[{"embeddable":true,"href":"https:\/\/plazajuarez.mx\/historico\/wp-json\/wp\/v2\/users\/10"}],"replies":[{"embeddable":true,"href":"https:\/\/plazajuarez.mx\/historico\/wp-json\/wp\/v2\/comments?post=248083"}],"version-history":[{"count":0,"href":"https:\/\/plazajuarez.mx\/historico\/wp-json\/wp\/v2\/posts\/248083\/revisions"}],"wp:featuredmedia":[{"embeddable":true,"href":"https:\/\/plazajuarez.mx\/historico\/wp-json\/wp\/v2\/media\/241756"}],"wp:attachment":[{"href":"https:\/\/plazajuarez.mx\/historico\/wp-json\/wp\/v2\/media?parent=248083"}],"wp:term":[{"taxonomy":"category","embeddable":true,"href":"https:\/\/plazajuarez.mx\/historico\/wp-json\/wp\/v2\/categories?post=248083"},{"taxonomy":"post_tag","embeddable":true,"href":"https:\/\/plazajuarez.mx\/historico\/wp-json\/wp\/v2\/tags?post=248083"}],"curies":[{"name":"wp","href":"https:\/\/api.w.org\/{rel}","templated":true}]}}