{"id":248048,"date":"2023-01-27T06:51:00","date_gmt":"2023-01-27T12:51:00","guid":{"rendered":"https:\/\/plazajuarez.mx\/?p=248048"},"modified":"2023-01-26T18:52:44","modified_gmt":"2023-01-27T00:52:44","slug":"desaparecio-un-taxista-y-sus-familiares-piden-ayuda-para-localizarlo","status":"publish","type":"post","link":"https:\/\/plazajuarez.mx\/historico\/desaparecio-un-taxista-y-sus-familiares-piden-ayuda-para-localizarlo\/","title":{"rendered":"Desapareci\u00f3 un taxista\u00a0y sus familiares piden\u00a0ayuda para localizarlo"},"content":{"rendered":"\n<p>Familiares de C\u00e9sar Felipe Antonio de 38 a\u00f1os, quien se desempe\u00f1a como trabajador del volante en un taxi metropolitano de Pachuca, denunciaron su desaparici\u00f3n y piden ayuda para dar con su paradero, temen que pueda ser v\u00edctima de un delito.<\/p>\n\n\n\n<p>Del infortunado se indic\u00f3 que fue el lunes anterior, cuando lo vieron al salir de su casa para irse a trabajar, s\u00f3lo que al t\u00e9rmino de su jornada laboral no regres\u00f3, por lo que salieron a preguntar con sus conocidos, amigos, parientes y vecinos, pero nadie supo dar raz\u00f3n de d\u00f3nde y c\u00f3mo pueda encontrarse.<\/p>\n\n\n\n<p>C\u00e9sar Felipe trabaja como chofer y opera un taxi Nissan Tsuru, con placas de circulaci\u00f3n A-674-FUC de Hidalgo, el veh\u00edculo presenta como se\u00f1a particular una rotura en la defensa delantera del lado derecho y tambi\u00e9n se encuentra desaparecido.<\/p>\n","protected":false},"excerpt":{"rendered":"<p>Familiares de C\u00e9sar Felipe Antonio de 38 a\u00f1os, quien se desempe\u00f1a como trabajador del volante en un taxi metropolitano de Pachuca, denunciaron su desaparici\u00f3n y piden ayuda para dar con su paradero, temen que pueda ser v\u00edctima de un delito. Del infortunado se indic\u00f3 que fue el lunes anterior, cuando lo vieron al salir de [&hellip;]<\/p>\n","protected":false},"author":93,"featured_media":248054,"comment_status":"closed","ping_status":"closed","sticky":false,"template":"","format":"standard","meta":{"footnotes":""},"categories":[37],"tags":[],"class_list":["post-248048","post","type-post","status-publish","format-standard","has-post-thumbnail","hentry","category-barandilla"],"_links":{"self":[{"href":"https:\/\/plazajuarez.mx\/historico\/wp-json\/wp\/v2\/posts\/248048","targetHints":{"allow":["GET"]}}],"collection":[{"href":"https:\/\/plazajuarez.mx\/historico\/wp-json\/wp\/v2\/posts"}],"about":[{"href":"https:\/\/plazajuarez.mx\/historico\/wp-json\/wp\/v2\/types\/post"}],"author":[{"embeddable":true,"href":"https:\/\/plazajuarez.mx\/historico\/wp-json\/wp\/v2\/users\/93"}],"replies":[{"embeddable":true,"href":"https:\/\/plazajuarez.mx\/historico\/wp-json\/wp\/v2\/comments?post=248048"}],"version-history":[{"count":0,"href":"https:\/\/plazajuarez.mx\/historico\/wp-json\/wp\/v2\/posts\/248048\/revisions"}],"wp:featuredmedia":[{"embeddable":true,"href":"https:\/\/plazajuarez.mx\/historico\/wp-json\/wp\/v2\/media\/248054"}],"wp:attachment":[{"href":"https:\/\/plazajuarez.mx\/historico\/wp-json\/wp\/v2\/media?parent=248048"}],"wp:term":[{"taxonomy":"category","embeddable":true,"href":"https:\/\/plazajuarez.mx\/historico\/wp-json\/wp\/v2\/categories?post=248048"},{"taxonomy":"post_tag","embeddable":true,"href":"https:\/\/plazajuarez.mx\/historico\/wp-json\/wp\/v2\/tags?post=248048"}],"curies":[{"name":"wp","href":"https:\/\/api.w.org\/{rel}","templated":true}]}}