{"id":247556,"date":"2023-01-23T05:00:00","date_gmt":"2023-01-23T11:00:00","guid":{"rendered":"https:\/\/plazajuarez.mx\/?p=247556"},"modified":"2023-01-22T22:04:28","modified_gmt":"2023-01-23T04:04:28","slug":"gobernadores-retratos","status":"publish","type":"post","link":"https:\/\/plazajuarez.mx\/historico\/gobernadores-retratos\/","title":{"rendered":"GOBERNADORES: RETRATOS"},"content":{"rendered":"\n<h2 class=\"wp-block-heading\"><strong><em>Familia Pol\u00edtica<\/em><\/strong><\/h2>\n\n\n\n<p>En el segundo piso del Palacio de Gobierno, se ubica la Sala de Ex Gobernadores, digno espacio en el que se preservan los retratos de los diferentes mandatarios de Hidalgo. Es la memoria gr\u00e1fica, complemento de la biogr\u00e1fica que poco a poco va modelando la historia de los hombres y de las circunstancias que los llevaron a ocupar la silla del Ejecutivo Estatal.<\/p>\n\n\n\n<p>D\u00edgase lo que se diga, me atrevo a afirmar que el gobernador es al ciudadano com\u00fan, sobre todo de las clases campesinas y urbano-populares, un personaje lejano, omnipotente, poderoso y, al mismo tiempo cercano, casi familiar, aunque la misma imagen a lo largo de la historia, puede propiciar recuerdos contradictorios. La misma imagen representa para algunos, a un magn\u00edfico h\u00e9roe, quien es para otros, un redomado villano.<\/p>\n\n\n\n<p>En ese sentido, me expongo a hacer p\u00fablicas mis opiniones, en relaci\u00f3n con los mandatarios a los cuales he tenido oportunidad de tratar o conocer en mayor o menor grado y a la imagen que de ellos retengo. Apelo a la tolerancia de quienes me lean. Bienvenidos los consensos y tambi\u00e9n los disensos.<\/p>\n\n\n\n<p>Los testimonios que me permito dejar en estas l\u00edneas, no incluyen a ning\u00fan personaje que no haya yo conocido de primera mano. Los anteriores quedan, junto con todos mis respetos, bien guardados en la sala mencionada, en donde reciben a los visitantes.<\/p>\n\n\n\n<p>Tenues reminiscencias tengo como estudiante de secundaria, necesariamente contaminadas con mi visi\u00f3n actual, del Lic. Carlos Ram\u00edrez Guerrero, a quien la vox populi consideraba un hombre culto, gran orador y afecto a las cercanas convivencias con sus amigos. De Don Carlos, dif\u00edcilmente se encuentra alguien que hable mal.<\/p>\n\n\n\n<p>A Don Manuel S\u00e1nchez Vite lo conoc\u00ed cuando era Senador de la Rep\u00fablica; yo era alumno de la Escuela Normal del Estado, me impresion\u00f3 mucho su presencia y el hecho de saber que un profesor hab\u00eda llegado tan lejos, m\u00e1s a\u00fan, cuando fue gobernador. Personaje altamente controvertido; bueno para unos, malo para otros, para m\u00ed fue y es paradigma del maestro en el aula y en la pol\u00edtica.<\/p>\n\n\n\n<p>Reitero mi credo en el equilibrio de el hombre y su circunstancia; con el Doc. Otoniel Miranda, nos uni\u00f3 y nos une gran amistad. Trasciende su imagen como m\u00e9dico, en\u00e9rgico pero humano, a quien todo el lodo que quisieron sus enemigos arrojar sobre su imagen, no logr\u00f3 da\u00f1arlo. Sigue siendo un hombre y un profesionista respetable y respetado.<\/p>\n\n\n\n<p>Don Ra\u00fal Lozano pas\u00f3 cerca de mis ojos y lejos de mi vida, como dijera Juan Jos\u00e9 Tablada; fue muy corto el tiempo para que me permita emitir una opini\u00f3n objetiva.&nbsp;<\/p>\n\n\n\n<p>\u201cLo pasado, pasado. No volvamos la mirada hacia atr\u00e1s cuando tenemos toda una vida por delante\u201d. Fue una frase que dijo Rojo Lugo, el m\u00e1s representativo de la segunda generaci\u00f3n del \u201cGrupo Huichapan\u201d. Recib\u00eda un estado en gran efervescencia pol\u00edtica, despu\u00e9s de la desaparici\u00f3n de poderes. Con su bonhom\u00eda y carisma, el hijo del Licenciado Javier Rojo G\u00f3mez, se dio a recorrer todos los puntos geogr\u00e1ficos del estado, sembrando amistades y unidad entre los grupos confrontados. En esta tarea siempre tuvo el auxilio de una gran se\u00f1ora: Do\u00f1a Silvia Garc\u00eda de Alva de Rojo Lugo. Seg\u00fan dec\u00eda la prensa y personas allegadas a \u00e9l, el Presidente de M\u00e9xico, Jos\u00e9 L\u00f3pez Portillo ya hab\u00eda externado su simpat\u00eda para que Don Jorge fuera su sucesor.<\/p>\n\n\n\n<p>Hombre muy cercano al Lic. Javier Rojo G\u00f3mez y a su familia, era Don Jos\u00e9 Luis Su\u00e1rez Molina; militar de carrera, Senador suplente y en otro tiempo, fuerte aspirante al gobierno del estado. Cuando Rojo Lugo se integr\u00f3 al gabinete como Secretario de la Reforma Agraria, Su\u00e1rez Molina recibi\u00f3 la encomienda del Congreso local para hacerse cargo de la gubernatura.<\/p>\n\n\n\n<p>Alguna influencia nociva recibi\u00f3 el viejo militante y amigo, quien se sinti\u00f3 pr\u00f3ximo al desempe\u00f1o constitucional del cargo que ahora desempe\u00f1aba como interino. Actos de moncada indisciplina y faltas de respeto, sobre todo a la primera dama, hicieron que Su\u00e1rez Molina quedara fuera de la carrera para suplir al Licenciado Rojo, quien regres\u00f3 a Hidalgo a culminar su sexenio. \u201cYo recib\u00ed un estado \u00e1spero y lo entregu\u00e9 lisito\u201d, me dec\u00eda, en una de tantas amenas conversaciones que tuve con \u00e9l.<\/p>\n\n\n\n<p>El arquitecto Guillermo Rossell de la Lama, hombre nacido en pa\u00f1ales de seda, tuvo la fortuna de ser jefe del Lic. Jos\u00e9 L\u00f3pez Portillo, en la Secretar\u00eda del Patrimonio Nacional. Cuentan algunas leyendas urbanas que, sin arraigo en Hidalgo, lleg\u00f3 como gobernador para abrir un espacio en el gabinete a cierta dama a muy alto nivel, que gozaba de los afectos presidenciales. Rossell, prepotente y soberbio, impuso un estilo personal de gobernar que cambi\u00f3 totalmente cuando arrib\u00f3 a la candidatura presidencial Don Miguel de la Madrid Hurtado, personaje non grato a los ojos del arquitecto.<\/p>\n\n\n\n<p>Cuando Don Adolfo Lugo Verduzco recibi\u00f3 la candidatura al Gobierno del Estado, a nadie le extra\u00f1\u00f3. Amigo del Presidente, adem\u00e1s de otros miembros de su familia, Lugo Verduzco hab\u00eda acumulado importantes posgrados en Europa. Hombre mesurado, tranquilo, pas\u00f3 sin sobresaltos por la historia del estado.<\/p>\n\n\n\n<p>Jes\u00fas Murillo Karam se proyectaba como el candidato natural para suceder al hombre de Huichapan. Murillo realiz\u00f3 una obra trascendente en lo humano y en lo pol\u00edtico, aunque sus desavenencias con Jos\u00e9 Guadarrama M\u00e1rquez, lo hicieron dejar la gubernatura unos cuantos meses en manos de Don Humberto Lugo Gil, antes de que tomara posesi\u00f3n el nuevo gobernador electo. Ave de tempestades, Don Jes\u00fas atraviesa por una dif\u00edcil situaci\u00f3n que, en nada disminuye su imagen de gran hidalguense.<\/p>\n\n\n\n<p>El gran sue\u00f1o del Lic. Humberto Lugo Gil, siempre fue lograr la gubernatura de Hidalgo; se cumpli\u00f3 cuando Murillo Karam se integr\u00f3 al gabinete presidencial como Subsecretario de Seguridad P\u00fablica. El mandatario interino quiso, en todos los sentidos, hacer en seis meses lo que, su circunstancia, no le permiti\u00f3 hacer en seis a\u00f1os.<\/p>\n\n\n\n<p>Manuel \u00c1ngel N\u00fa\u00f1ez Soto, el caballeroso hombre de Actopan con estudios en el extranjero, realiz\u00f3 una obra discreta pero consistente: Hidalgo lo recuerda con afecto.<\/p>\n\n\n\n<p>El peso del determinismo en la historia pol\u00edtica de los hombres, hizo que Miguel \u00c1ngel Osorio coincidiera con Enrique Pe\u00f1a Nieto, ambos como gobernadores de sus respectivas entidades y despu\u00e9s, uno como Presidente y el otro como Secretario de Gobernaci\u00f3n.<\/p>\n\n\n\n<p>Osorio realiz\u00f3 una gran obra en el estado y por sus ascensos en la pol\u00edtica, sus amigos, principalmente en Hidalgo, lo ve\u00edan como el pr\u00f3ximo Presidente de la Rep\u00fablica. No lo fue, pero sigue como un activo pol\u00edtico y un hombre siempre controvertido.<\/p>\n\n\n\n<p>Jos\u00e9 Francisco Olvera Ruiz, bien o mal dej\u00f3 su huella en el gobierno del Estado de Hidalgo.<\/p>\n\n\n\n<p>Omar Fayad, es sin duda el m\u00e1s pol\u00e9mico gobernante de los \u00faltimos tiempos. Es demasiado pronto para juzgar su perfil hist\u00f3rico.<\/p>\n\n\n\n<p>Julio Ram\u00f3n Menchaca Salazar, para llegar, hizo valer sus m\u00e9ritos como excelente estudiante universitario. Decente y caballeroso por definici\u00f3n, fue candidato natural en el momento que viv\u00eda la pol\u00edtica en Hidalgo y en todo el pa\u00eds. Su nombre ya est\u00e1 en la historia del Estado, pues logr\u00f3 derrotar al Partido pol\u00edtico que durante casi un siglo mantuvo la hegemon\u00eda en estas tierras.<\/p>\n","protected":false},"excerpt":{"rendered":"<p>Familia Pol\u00edtica En el segundo piso del Palacio de Gobierno, se ubica la Sala de Ex Gobernadores, digno espacio en el que se preservan los retratos de los diferentes mandatarios de Hidalgo. Es la memoria gr\u00e1fica, complemento de la biogr\u00e1fica que poco a poco va modelando la historia de los hombres y de las circunstancias [&hellip;]<\/p>\n","protected":false},"author":89,"featured_media":230477,"comment_status":"closed","ping_status":"closed","sticky":false,"template":"","format":"standard","meta":{"footnotes":""},"categories":[42,50],"tags":[],"class_list":["post-247556","post","type-post","status-publish","format-standard","has-post-thumbnail","hentry","category-nuestrapalabra","category-prisciliano-gutierrez"],"_links":{"self":[{"href":"https:\/\/plazajuarez.mx\/historico\/wp-json\/wp\/v2\/posts\/247556","targetHints":{"allow":["GET"]}}],"collection":[{"href":"https:\/\/plazajuarez.mx\/historico\/wp-json\/wp\/v2\/posts"}],"about":[{"href":"https:\/\/plazajuarez.mx\/historico\/wp-json\/wp\/v2\/types\/post"}],"author":[{"embeddable":true,"href":"https:\/\/plazajuarez.mx\/historico\/wp-json\/wp\/v2\/users\/89"}],"replies":[{"embeddable":true,"href":"https:\/\/plazajuarez.mx\/historico\/wp-json\/wp\/v2\/comments?post=247556"}],"version-history":[{"count":0,"href":"https:\/\/plazajuarez.mx\/historico\/wp-json\/wp\/v2\/posts\/247556\/revisions"}],"wp:featuredmedia":[{"embeddable":true,"href":"https:\/\/plazajuarez.mx\/historico\/wp-json\/wp\/v2\/media\/230477"}],"wp:attachment":[{"href":"https:\/\/plazajuarez.mx\/historico\/wp-json\/wp\/v2\/media?parent=247556"}],"wp:term":[{"taxonomy":"category","embeddable":true,"href":"https:\/\/plazajuarez.mx\/historico\/wp-json\/wp\/v2\/categories?post=247556"},{"taxonomy":"post_tag","embeddable":true,"href":"https:\/\/plazajuarez.mx\/historico\/wp-json\/wp\/v2\/tags?post=247556"}],"curies":[{"name":"wp","href":"https:\/\/api.w.org\/{rel}","templated":true}]}}