{"id":247231,"date":"2023-01-20T07:22:36","date_gmt":"2023-01-20T13:22:36","guid":{"rendered":"https:\/\/plazajuarez.mx\/?p=247231"},"modified":"2023-01-20T07:22:42","modified_gmt":"2023-01-20T13:22:42","slug":"si-yo-fuera","status":"publish","type":"post","link":"https:\/\/plazajuarez.mx\/historico\/si-yo-fuera\/","title":{"rendered":"SI YO FUERA\u2026"},"content":{"rendered":"\n<h2 class=\"wp-block-heading\">ALFIL NEGRO<\/h2>\n\n\n\n<p>Muchas veces me ha pasado<\/p>\n\n\n\n<p>que me quedo pensativo,<\/p>\n\n\n\n<p>Y me imagino las cosas<\/p>\n\n\n\n<p>Como yo las quiero y pienso,<\/p>\n\n\n\n<p>Y as\u00ed me digo en silencio:<\/p>\n\n\n\n<p>Si yo fuese pescador<\/p>\n\n\n\n<p>Con mi barco con sus redes<\/p>\n\n\n\n<p>A mi barco le pondr\u00eda<\/p>\n\n\n\n<p>\u201cJuan Salvador y Gaviota\u201d,<\/p>\n\n\n\n<p>Y en las noches de Luna<\/p>\n\n\n\n<p>Mirar\u00eda desde mi barco<\/p>\n\n\n\n<p>Por si llegara a pasar.<\/p>\n\n\n\n<p>\u201cEL\u201d, que camina en el agua.<\/p>\n\n\n\n<p>Si yo fuera el que mandara<\/p>\n\n\n\n<p>En el Metro o el tuzob\u00fas,<\/p>\n\n\n\n<p>A una estaci\u00f3n le pondr\u00eda<\/p>\n\n\n\n<p>El nombre que nunca olvido<\/p>\n\n\n\n<p>De mi madre y de mi ni\u00f1o,<\/p>\n\n\n\n<p>Y pensar\u00eda que alg\u00fan d\u00eda<\/p>\n\n\n\n<p>En esa estaci\u00f3n vendr\u00edan<\/p>\n\n\n\n<p>Ella y \u00c9l para quedarse.<\/p>\n\n\n\n<p>Si yo fuera el que gobierna<\/p>\n\n\n\n<p>Aparte de hacerlo bien,<\/p>\n\n\n\n<p>Crear\u00eda para bien de todos<\/p>\n\n\n\n<p>La Oficina de la Risa,<\/p>\n\n\n\n<p>Encargada de lograr<\/p>\n\n\n\n<p>Que hubiera muchas sonrisas,<\/p>\n\n\n\n<p>Los servidores del pueblo<\/p>\n\n\n\n<p>Todos con caras pintadas<\/p>\n\n\n\n<p>Y una nariz colorada,<\/p>\n\n\n\n<p>Y m\u00fasica de huapango<\/p>\n\n\n\n<p>Sonando en las oficinas<\/p>\n\n\n\n<p>Si yo fuera un gran piloto<\/p>\n\n\n\n<p>Volar\u00eda sin restricci\u00f3n,<\/p>\n\n\n\n<p>Buscando veloz y raudo<\/p>\n\n\n\n<p>El final del universo,<\/p>\n\n\n\n<p>Y en ese vuelo sin tregua<\/p>\n\n\n\n<p>Llegar hasta el mismo cielo<\/p>\n\n\n\n<p>Y conocer a mi Dios\u2026<\/p>\n\n\n\n<p>Si yo fuera un escultor<\/p>\n\n\n\n<p>O si es que fuera pintor,<\/p>\n\n\n\n<p>Pintar\u00eda en un gran lienzo<\/p>\n\n\n\n<p>Los rostros de mi familia,<\/p>\n\n\n\n<p>De mi esposa siempre bella,<\/p>\n\n\n\n<p>Y de mis hijos queridos,<\/p>\n\n\n\n<p>Y vi\u00e9ndolos pensar\u00eda<\/p>\n\n\n\n<p>Que siempre estar\u00e1n conmigo.<\/p>\n\n\n\n<p>Si yo fuera un caminante<\/p>\n\n\n\n<p>Peregrino hacia Santiago,<\/p>\n\n\n\n<p>Recorrer\u00eda los caminos<\/p>\n\n\n\n<p>De pueblos y de ciudades,<\/p>\n\n\n\n<p>Y seguro entender\u00eda<\/p>\n\n\n\n<p>Que esto de vivir se entiende<\/p>\n\n\n\n<p>Es s\u00f3lo caminar y caminar<\/p>\n\n\n\n<p>Hasta que el camino acabe.<\/p>\n\n\n\n<p>Si yo fuera un empresario<\/p>\n\n\n\n<p>Con mil negocios de pastes,<\/p>\n\n\n\n<p>Como homenaje a mineros<\/p>\n\n\n\n<p>A mis negocios pondr\u00eda<\/p>\n\n\n\n<p>Pastes buenos \u201cGato Seco\u201d.<\/p>\n\n\n\n<p>Si Yo fuera cocinero<\/p>\n\n\n\n<p>O chef como ahora dicen,<\/p>\n\n\n\n<p>Har\u00eda que siempre valieran<\/p>\n\n\n\n<p>\u201cChinicuiles \u201c y \u201cmixiotes\u201d,<\/p>\n\n\n\n<p>Ni se diga el \u201cZacahuil\u201d<\/p>\n\n\n\n<p>Y el mole de \u201cEscamoles\u201d,<\/p>\n\n\n\n<p>Los \u201cgualumbos\u201d y el \u201cXimbo\u201d.<\/p>\n\n\n\n<p>Si yo fuera peque\u00f1ito<\/p>\n\n\n\n<p>Volar\u00eda all\u00e1 en los columpios<\/p>\n\n\n\n<p>Del hermoso parque \u201cHidalgo\u201d,<\/p>\n\n\n\n<p>Y jugar\u00eda a las canicas<\/p>\n\n\n\n<p>Al trompo y a los baleros,<\/p>\n\n\n\n<p>O simplemente correr<\/p>\n\n\n\n<p>Con el viento compa\u00f1ero\u2026<\/p>\n\n\n\n<p>Pero ya soy hombre grande<\/p>\n\n\n\n<p>Nada de eso lograr\u00e9,<\/p>\n\n\n\n<p>La vida es muy peque\u00f1ita<\/p>\n\n\n\n<p>Se guarda en algunos a\u00f1os,<\/p>\n\n\n\n<p>Y cuando abrimos los ojos<\/p>\n\n\n\n<p>Y entendemos las cosas,<\/p>\n\n\n\n<p>Sucede que nuestra senda<\/p>\n\n\n\n<p>Se termina y ya no sigue,<\/p>\n\n\n\n<p>Es hora de hacer las cuentas<\/p>\n\n\n\n<p>Y de cerrar la libreta.<\/p>\n\n\n\n<p>Si Yo fuera un descre\u00eddo<\/p>\n\n\n\n<p>Temer\u00eda a lo que viene,<\/p>\n\n\n\n<p>Pero tengo la esperanza<\/p>\n\n\n\n<p>La fe y mucha esperanza,<\/p>\n\n\n\n<p>De que el camino no acaba,<\/p>\n\n\n\n<p>Porque empieza un tiempo eterno<\/p>\n\n\n\n<p>De dicha y felicidad.<\/p>\n","protected":false},"excerpt":{"rendered":"<p>ALFIL NEGRO Muchas veces me ha pasado que me quedo pensativo, Y me imagino las cosas Como yo las quiero y pienso, Y as\u00ed me digo en silencio: Si yo fuese pescador Con mi barco con sus redes A mi barco le pondr\u00eda \u201cJuan Salvador y Gaviota\u201d, Y en las noches de Luna Mirar\u00eda desde [&hellip;]<\/p>\n","protected":false},"author":83,"featured_media":241757,"comment_status":"closed","ping_status":"closed","sticky":false,"template":"","format":"standard","meta":{"footnotes":""},"categories":[48,42],"tags":[],"class_list":["post-247231","post","type-post","status-publish","format-standard","has-post-thumbnail","hentry","category-adalberto-peralta","category-nuestrapalabra"],"_links":{"self":[{"href":"https:\/\/plazajuarez.mx\/historico\/wp-json\/wp\/v2\/posts\/247231","targetHints":{"allow":["GET"]}}],"collection":[{"href":"https:\/\/plazajuarez.mx\/historico\/wp-json\/wp\/v2\/posts"}],"about":[{"href":"https:\/\/plazajuarez.mx\/historico\/wp-json\/wp\/v2\/types\/post"}],"author":[{"embeddable":true,"href":"https:\/\/plazajuarez.mx\/historico\/wp-json\/wp\/v2\/users\/83"}],"replies":[{"embeddable":true,"href":"https:\/\/plazajuarez.mx\/historico\/wp-json\/wp\/v2\/comments?post=247231"}],"version-history":[{"count":0,"href":"https:\/\/plazajuarez.mx\/historico\/wp-json\/wp\/v2\/posts\/247231\/revisions"}],"wp:featuredmedia":[{"embeddable":true,"href":"https:\/\/plazajuarez.mx\/historico\/wp-json\/wp\/v2\/media\/241757"}],"wp:attachment":[{"href":"https:\/\/plazajuarez.mx\/historico\/wp-json\/wp\/v2\/media?parent=247231"}],"wp:term":[{"taxonomy":"category","embeddable":true,"href":"https:\/\/plazajuarez.mx\/historico\/wp-json\/wp\/v2\/categories?post=247231"},{"taxonomy":"post_tag","embeddable":true,"href":"https:\/\/plazajuarez.mx\/historico\/wp-json\/wp\/v2\/tags?post=247231"}],"curies":[{"name":"wp","href":"https:\/\/api.w.org\/{rel}","templated":true}]}}