{"id":247228,"date":"2023-01-20T07:21:38","date_gmt":"2023-01-20T13:21:38","guid":{"rendered":"https:\/\/plazajuarez.mx\/?p=247228"},"modified":"2023-01-20T07:21:43","modified_gmt":"2023-01-20T13:21:43","slug":"el-prd-pugna-por-un-metodo-de-seleccion-de-aspirantes-chavez-ruiz","status":"publish","type":"post","link":"https:\/\/plazajuarez.mx\/historico\/el-prd-pugna-por-un-metodo-de-seleccion-de-aspirantes-chavez-ruiz\/","title":{"rendered":"El PRD pugna por un m\u00e9todo de selecci\u00f3n de aspirantes: Ch\u00e1vez Ru\u00edz"},"content":{"rendered":"\n<p>El diputado federal hidalguense por el Partido de la Revoluci\u00f3n Democr\u00e1tica (PRD), H\u00e9ctor Ch\u00e1vez Ru\u00edz, asegur\u00f3 que el sol azteca est\u00e1 de acuerdo en la alianza Va por M\u00e9xico, sin embargo es necesario consolidar un m\u00e9todo para la elecci\u00f3n de los perfiles.<\/p>\n\n\n\n<p>Lo anterior, luego que el pasado 12 de enero, los dirigentes nacionales del Revolucionario Institucional (PRI), Alejandro Moreno; Acci\u00f3n Nacional (PAN), Marko Cort\u00e9s y del sol azteca, Jes\u00fas Zambrano, anunciaran la uni\u00f3n pol\u00edtica en los estados de Coahuila y Estado de M\u00e9xico.<\/p>\n\n\n\n<p>Dijo \u201cel PRD est\u00e1 de acuerdo en esas alianzas porque as\u00ed lo definieron las dirigencias estatales, sin embargo el anuncio que hace Marko Cort\u00e9s, donde se puso de acuerdo con el PRI sobre la asignaci\u00f3n de los candidatos, eso no lo compartimos\u201d.<\/p>\n\n\n\n<p>El legislador puntualiz\u00f3 que si en alg\u00fan momento el PRD piensa ir en coalici\u00f3n, en el caso de Hidalgo, \u201ctendr\u00eda que ser para buscar un m\u00e9todo que permita poder tener los mejores perfiles para competir por los cargos que van a estar en disputa\u201d.<\/p>\n\n\n\n<p>Sentenci\u00f3 que \u00e9ste m\u00e9todo deber\u00e1 ser transparente y democr\u00e1tico, en el cual sean los propios ciudadanos quienes decidan los perfiles que encabezar\u00e1 la alianza, ya sea emanado de un partido pol\u00edtico o bien de la sociedad civil.<\/p>\n\n\n\n<p>Finaliz\u00f3, \u201cme parece que ah\u00ed est\u00e1 la clave para que el PRD se pueda mantener en alianza y firmar alianzas posteriores que permitan llevar a los mejores perfiles\u201d.<\/p>\n","protected":false},"excerpt":{"rendered":"<p>El diputado federal hidalguense por el Partido de la Revoluci\u00f3n Democr\u00e1tica (PRD), H\u00e9ctor Ch\u00e1vez Ru\u00edz, asegur\u00f3 que el sol azteca est\u00e1 de acuerdo en la alianza Va por M\u00e9xico, sin embargo es necesario consolidar un m\u00e9todo para la elecci\u00f3n de los perfiles. Lo anterior, luego que el pasado 12 de enero, los dirigentes nacionales del [&hellip;]<\/p>\n","protected":false},"author":73,"featured_media":247238,"comment_status":"closed","ping_status":"closed","sticky":false,"template":"","format":"standard","meta":{"footnotes":""},"categories":[15,59],"tags":[],"class_list":["post-247228","post","type-post","status-publish","format-standard","has-post-thumbnail","hentry","category-destacadas","category-general"],"_links":{"self":[{"href":"https:\/\/plazajuarez.mx\/historico\/wp-json\/wp\/v2\/posts\/247228","targetHints":{"allow":["GET"]}}],"collection":[{"href":"https:\/\/plazajuarez.mx\/historico\/wp-json\/wp\/v2\/posts"}],"about":[{"href":"https:\/\/plazajuarez.mx\/historico\/wp-json\/wp\/v2\/types\/post"}],"author":[{"embeddable":true,"href":"https:\/\/plazajuarez.mx\/historico\/wp-json\/wp\/v2\/users\/73"}],"replies":[{"embeddable":true,"href":"https:\/\/plazajuarez.mx\/historico\/wp-json\/wp\/v2\/comments?post=247228"}],"version-history":[{"count":0,"href":"https:\/\/plazajuarez.mx\/historico\/wp-json\/wp\/v2\/posts\/247228\/revisions"}],"wp:featuredmedia":[{"embeddable":true,"href":"https:\/\/plazajuarez.mx\/historico\/wp-json\/wp\/v2\/media\/247238"}],"wp:attachment":[{"href":"https:\/\/plazajuarez.mx\/historico\/wp-json\/wp\/v2\/media?parent=247228"}],"wp:term":[{"taxonomy":"category","embeddable":true,"href":"https:\/\/plazajuarez.mx\/historico\/wp-json\/wp\/v2\/categories?post=247228"},{"taxonomy":"post_tag","embeddable":true,"href":"https:\/\/plazajuarez.mx\/historico\/wp-json\/wp\/v2\/tags?post=247228"}],"curies":[{"name":"wp","href":"https:\/\/api.w.org\/{rel}","templated":true}]}}