{"id":247227,"date":"2023-01-20T07:20:25","date_gmt":"2023-01-20T13:20:25","guid":{"rendered":"https:\/\/plazajuarez.mx\/?p=247227"},"modified":"2023-01-20T07:20:31","modified_gmt":"2023-01-20T13:20:31","slug":"no-hay-desabasto-de-medicamentos-en-el-imss","status":"publish","type":"post","link":"https:\/\/plazajuarez.mx\/historico\/no-hay-desabasto-de-medicamentos-en-el-imss\/","title":{"rendered":"No hay desabasto de medicamentos en el IMSS"},"content":{"rendered":"\n<p>El titular del \u00d3rgano de Operaci\u00f3n Administrativa Desconcentrada (OOAD) del Instituto Mexicano del Seguro Social (IMSS) Hidalgo, Jos\u00e9 Luis Aranza Aguilar, asegur\u00f3 que el porcentaje de abasto de medicamentos es \u201cbueno\u201d.<\/p>\n\n\n\n<p>Sentenci\u00f3 que estad\u00edsticamente el instituto registra un 96 por ciento de abasto, y las claves se encuentran en las farmacias y en el almac\u00e9n, para su distribuci\u00f3n y entrega a los derechohabientes.<\/p>\n\n\n\n<p>Explic\u00f3 que el malentendido respecto a un posible desabasto se debe a la sustituci\u00f3n de algunos medicamentos, no obstante asegur\u00f3 que dicha situaci\u00f3n no representa un problema en la existencia de claves.<\/p>\n\n\n\n<p>Dijo \u201cel acto m\u00e9dico se mide tambi\u00e9n por la prescripci\u00f3n de medicamentos, si no hay un medicamento se tiene un sustituto que sirve para lo mismo porque tiene los mismos efectos\u201d.<\/p>\n","protected":false},"excerpt":{"rendered":"<p>El titular del \u00d3rgano de Operaci\u00f3n Administrativa Desconcentrada (OOAD) del Instituto Mexicano del Seguro Social (IMSS) Hidalgo, Jos\u00e9 Luis Aranza Aguilar, asegur\u00f3 que el porcentaje de abasto de medicamentos es \u201cbueno\u201d. Sentenci\u00f3 que estad\u00edsticamente el instituto registra un 96 por ciento de abasto, y las claves se encuentran en las farmacias y en el almac\u00e9n, [&hellip;]<\/p>\n","protected":false},"author":73,"featured_media":247239,"comment_status":"closed","ping_status":"closed","sticky":false,"template":"","format":"standard","meta":{"footnotes":""},"categories":[15,59],"tags":[],"class_list":["post-247227","post","type-post","status-publish","format-standard","has-post-thumbnail","hentry","category-destacadas","category-general"],"_links":{"self":[{"href":"https:\/\/plazajuarez.mx\/historico\/wp-json\/wp\/v2\/posts\/247227","targetHints":{"allow":["GET"]}}],"collection":[{"href":"https:\/\/plazajuarez.mx\/historico\/wp-json\/wp\/v2\/posts"}],"about":[{"href":"https:\/\/plazajuarez.mx\/historico\/wp-json\/wp\/v2\/types\/post"}],"author":[{"embeddable":true,"href":"https:\/\/plazajuarez.mx\/historico\/wp-json\/wp\/v2\/users\/73"}],"replies":[{"embeddable":true,"href":"https:\/\/plazajuarez.mx\/historico\/wp-json\/wp\/v2\/comments?post=247227"}],"version-history":[{"count":0,"href":"https:\/\/plazajuarez.mx\/historico\/wp-json\/wp\/v2\/posts\/247227\/revisions"}],"wp:featuredmedia":[{"embeddable":true,"href":"https:\/\/plazajuarez.mx\/historico\/wp-json\/wp\/v2\/media\/247239"}],"wp:attachment":[{"href":"https:\/\/plazajuarez.mx\/historico\/wp-json\/wp\/v2\/media?parent=247227"}],"wp:term":[{"taxonomy":"category","embeddable":true,"href":"https:\/\/plazajuarez.mx\/historico\/wp-json\/wp\/v2\/categories?post=247227"},{"taxonomy":"post_tag","embeddable":true,"href":"https:\/\/plazajuarez.mx\/historico\/wp-json\/wp\/v2\/tags?post=247227"}],"curies":[{"name":"wp","href":"https:\/\/api.w.org\/{rel}","templated":true}]}}