{"id":247221,"date":"2023-01-19T17:15:33","date_gmt":"2023-01-19T23:15:33","guid":{"rendered":"https:\/\/plazajuarez.mx\/?p=247221"},"modified":"2023-01-20T13:09:46","modified_gmt":"2023-01-20T19:09:46","slug":"garibay_","status":"publish","type":"post","link":"https:\/\/plazajuarez.mx\/historico\/garibay_\/","title":{"rendered":"REALIZARON HOMENAJE AL ESCRITOR RICARDO GARIBAY, POR EL CENTENARIO DE SU NATALICIO"},"content":{"rendered":"\n<p>La Administraci\u00f3n Municipal de Tulancingo, encabezada por El presidente Jorge M\u00e1rquez Alvarado, rindi\u00f3 homenaje al escritor tulancinguense Ricardo Garibay, por el centenario de su natalicio.<\/p>\n\n\n\n<p>Efectuado en el foro del Centro Cultural Ricardo Garibay, a partir desde las cinco de la tarde, con la participaci\u00f3n de todas las \u00e1reas de la Secretar\u00eda de Cultura, Educaci\u00f3n, Deporte y Juventud.&nbsp;<\/p>\n\n\n\n<p>Se cont\u00f3 con la presencia de Minerva Garibay Velasco, hija de este reconocido personaje que ha puesto en alto el nombre tanto de Tulancingo e Hidalgo, en el \u00e1mbito literario mundial.<\/p>\n\n\n\n<p>Como invitados especiales estuvieron Sa\u00fal Uribe, bisnieto de Dolores Soto Madariaga, as\u00ed como el arquitecto Luis Corrales, que llevo una estrecha relaci\u00f3n de amistad con Ricardo Garibay, y que incluso lo entrevist\u00f3 en un programa de televisi\u00f3n.<\/p>\n\n\n\n<p>De igual manera, se develaron las letras de la galer\u00eda que lleva el nombre del escritor, donde puede uno encontrar vida y obra de este importante literato tulancinguense.<\/p>\n\n\n\n<p>El programa de actividades en honor a este grande de las letras, continuar\u00e1 en algunas instituciones educativas, donde se realizar\u00e1 una semblanza autobiogr\u00e1fica.<\/p>\n\n\n\n<p>Finalizando el 27 de enero, con la pel\u00edcula: \u201cLa Tierra Prometida\u201d, a las 18:00 horas, en la Cineteca de Tulancingo.<\/p>\n\n\n\n<p>De esta forma, se conmemora un aniversario m\u00e1s del natalicio de un ser humano que hizo de la literatura su medio de vida, y del que su obra sigue vigente, y todos los tulancinguenses, lo recuerdan como cita la frase \u201cSi mis letras no mueren, yo seguir\u00e9 vivo\u201d, como un distintivo de este homenaje.<\/p>\n","protected":false},"excerpt":{"rendered":"<p>La Administraci\u00f3n Municipal de Tulancingo, encabezada por El presidente Jorge M\u00e1rquez Alvarado, rindi\u00f3 homenaje al escritor tulancinguense Ricardo Garibay, por el centenario de su natalicio. Efectuado en el foro del Centro Cultural Ricardo Garibay, a partir desde las cinco de la tarde, con la participaci\u00f3n de todas las \u00e1reas de la Secretar\u00eda de Cultura, Educaci\u00f3n, [&hellip;]<\/p>\n","protected":false},"author":93,"featured_media":247222,"comment_status":"closed","ping_status":"closed","sticky":false,"template":"","format":"standard","meta":{"footnotes":""},"categories":[15,59,2159,40],"tags":[],"class_list":["post-247221","post","type-post","status-publish","format-standard","has-post-thumbnail","hentry","category-destacadas","category-general","category-noticias-de-hidalgo","category-region"],"_links":{"self":[{"href":"https:\/\/plazajuarez.mx\/historico\/wp-json\/wp\/v2\/posts\/247221","targetHints":{"allow":["GET"]}}],"collection":[{"href":"https:\/\/plazajuarez.mx\/historico\/wp-json\/wp\/v2\/posts"}],"about":[{"href":"https:\/\/plazajuarez.mx\/historico\/wp-json\/wp\/v2\/types\/post"}],"author":[{"embeddable":true,"href":"https:\/\/plazajuarez.mx\/historico\/wp-json\/wp\/v2\/users\/93"}],"replies":[{"embeddable":true,"href":"https:\/\/plazajuarez.mx\/historico\/wp-json\/wp\/v2\/comments?post=247221"}],"version-history":[{"count":0,"href":"https:\/\/plazajuarez.mx\/historico\/wp-json\/wp\/v2\/posts\/247221\/revisions"}],"wp:featuredmedia":[{"embeddable":true,"href":"https:\/\/plazajuarez.mx\/historico\/wp-json\/wp\/v2\/media\/247222"}],"wp:attachment":[{"href":"https:\/\/plazajuarez.mx\/historico\/wp-json\/wp\/v2\/media?parent=247221"}],"wp:term":[{"taxonomy":"category","embeddable":true,"href":"https:\/\/plazajuarez.mx\/historico\/wp-json\/wp\/v2\/categories?post=247221"},{"taxonomy":"post_tag","embeddable":true,"href":"https:\/\/plazajuarez.mx\/historico\/wp-json\/wp\/v2\/tags?post=247221"}],"curies":[{"name":"wp","href":"https:\/\/api.w.org\/{rel}","templated":true}]}}