{"id":247213,"date":"2023-01-19T16:46:23","date_gmt":"2023-01-19T22:46:23","guid":{"rendered":"https:\/\/plazajuarez.mx\/?p=247213"},"modified":"2023-01-19T16:46:29","modified_gmt":"2023-01-19T22:46:29","slug":"sematnath_","status":"publish","type":"post","link":"https:\/\/plazajuarez.mx\/historico\/sematnath_\/","title":{"rendered":"Imparte Semarnath capacitaci\u00f3n para control de plaga en Atitalaquia"},"content":{"rendered":"\n<ul class=\"wp-block-list\"><li><em>Uno de los objetivos es el de integrar un diagn\u00f3stico general de la problem\u00e1tica y sanear los \u00e1rboles plagados en los espacios p\u00fablicos<\/em><\/li><\/ul>\n\n\n\n<p>Personal de la Secretar\u00eda de Medio Ambiente y Recursos Naturales de Hidalgo (Semarnath) imparti\u00f3 una capacitaci\u00f3n para el tratamiento y control de la plaga de heno motita en el municipio de Atitalaquia, en la cual participaron comisariados ejidales, regidores y delegados municipales, representantes del movimiento Alto a la Basura y funcionarios del ayuntamiento.<\/p>\n\n\n\n<p>Dicha capacitaci\u00f3n toma relevancia debido a que en esta temporada invernal la plaga de heno motita tiende a propagarse con mayor velocidad debido a la p\u00e9rdida de hojas del arbolado hospedante.<\/p>\n\n\n\n<p>En ese sentido, la Semarnath busca crear consciencia sobre la pronta detecci\u00f3n y tratamiento de esta plaga forestal que afecta principalmente a la regi\u00f3n del Valle del Mezquital y de Tula de Allende.<\/p>\n\n\n\n<p>As\u00ed mismo, al finalizar la capacitaci\u00f3n se acord\u00f3 que los delegados y comisariados ejidales detecten las \u00e1reas afectadas por la plaga heno motita y compartan la informaci\u00f3n con la directora de Ecolog\u00eda municipal de Atitalaquia para que a su vez se conformen brigadas comunitarias; lo anterior, con la finalidad de integrar un diagn\u00f3stico general de la problem\u00e1tica y sanear los \u00e1rboles plagados en los espacios p\u00fablicos.<\/p>\n\n\n\n<p>En tanto, en materia de educaci\u00f3n ambiental, tambi\u00e9n se acord\u00f3 impartir diversas pl\u00e1ticas en las escuelas para que la t\u00e9cnica de saneamiento forestal pueda ser replicada en el combate de la plaga de heno motita en los \u00e1rboles ubicados en terrenos particulares.<\/p>\n\n\n\n<p>Finalmente, la Semarnath mantiene una coordinaci\u00f3n directa con las dependencias de los tres \u00f3rdenes de gobierno para cuidar y proteger los recursos forestales de las distintas regiones del estado.<\/p>\n","protected":false},"excerpt":{"rendered":"<p>Uno de los objetivos es el de integrar un diagn\u00f3stico general de la problem\u00e1tica y sanear los \u00e1rboles plagados en los espacios p\u00fablicos Personal de la Secretar\u00eda de Medio Ambiente y Recursos Naturales de Hidalgo (Semarnath) imparti\u00f3 una capacitaci\u00f3n para el tratamiento y control de la plaga de heno motita en el municipio de Atitalaquia, [&hellip;]<\/p>\n","protected":false},"author":93,"featured_media":247214,"comment_status":"closed","ping_status":"closed","sticky":false,"template":"","format":"standard","meta":{"footnotes":""},"categories":[15,59,2159,40],"tags":[],"class_list":["post-247213","post","type-post","status-publish","format-standard","has-post-thumbnail","hentry","category-destacadas","category-general","category-noticias-de-hidalgo","category-region"],"_links":{"self":[{"href":"https:\/\/plazajuarez.mx\/historico\/wp-json\/wp\/v2\/posts\/247213","targetHints":{"allow":["GET"]}}],"collection":[{"href":"https:\/\/plazajuarez.mx\/historico\/wp-json\/wp\/v2\/posts"}],"about":[{"href":"https:\/\/plazajuarez.mx\/historico\/wp-json\/wp\/v2\/types\/post"}],"author":[{"embeddable":true,"href":"https:\/\/plazajuarez.mx\/historico\/wp-json\/wp\/v2\/users\/93"}],"replies":[{"embeddable":true,"href":"https:\/\/plazajuarez.mx\/historico\/wp-json\/wp\/v2\/comments?post=247213"}],"version-history":[{"count":0,"href":"https:\/\/plazajuarez.mx\/historico\/wp-json\/wp\/v2\/posts\/247213\/revisions"}],"wp:featuredmedia":[{"embeddable":true,"href":"https:\/\/plazajuarez.mx\/historico\/wp-json\/wp\/v2\/media\/247214"}],"wp:attachment":[{"href":"https:\/\/plazajuarez.mx\/historico\/wp-json\/wp\/v2\/media?parent=247213"}],"wp:term":[{"taxonomy":"category","embeddable":true,"href":"https:\/\/plazajuarez.mx\/historico\/wp-json\/wp\/v2\/categories?post=247213"},{"taxonomy":"post_tag","embeddable":true,"href":"https:\/\/plazajuarez.mx\/historico\/wp-json\/wp\/v2\/tags?post=247213"}],"curies":[{"name":"wp","href":"https:\/\/api.w.org\/{rel}","templated":true}]}}