{"id":247154,"date":"2023-01-19T14:05:11","date_gmt":"2023-01-19T20:05:11","guid":{"rendered":"https:\/\/plazajuarez.mx\/?p=247154"},"modified":"2023-01-19T14:05:16","modified_gmt":"2023-01-19T20:05:16","slug":"robledo_","status":"publish","type":"post","link":"https:\/\/plazajuarez.mx\/historico\/robledo_\/","title":{"rendered":"AMLO destaca trabajo de Robledo en IMSS"},"content":{"rendered":"\n<p> El presidente Andr\u00e9s Manuel L\u00f3pez Obrador calific\u00f3 este jueves a Zo\u00e9 Robledo, titular del IMSS, como un servidor p\u00fablico excepcional, honesto y &#8220;nos sentimos muy bien representados&#8221;.<\/p>\n\n\n\n<p>En la ceremonia de la conmemoraci\u00f3n del 80 Aniversario del IMSS, el jefe del Ejecutivo federal agradeci\u00f3 a los representantes del sector obrero, a los representantes del sector empresarial y a los servidores p\u00fablicos del Instituto.<\/p>\n\n\n\n<p>Destac\u00f3 la ayuda de los trabajadores de la salud durante la pandemia de Covid-19, pues pusieron en riesgos su vida para salvar las vidas de los dem\u00e1s.<\/p>\n\n\n\n<p>&#8220;Agradecer a los representantes del sector obrero, a los representantes del sector empresarial, a los servidores p\u00fablicos del IMSS, a su director Zo\u00e9 Robledo, que, como es p\u00fablico y notorio, es un servidor p\u00fablico excepcional, un profesional del servicio p\u00fablico, una persona dedicada al trabajo, un hombre honesto. Nos sentimos muy bien representados con Zo\u00e9 Robledo.<\/p>\n\n\n\n<p>&#8220;Tambi\u00e9n agradecer a todos los trabajadores del IMSS, no omitir el apoyo que aportaron en momentos dif\u00edciles de la pandemia. Fueron h\u00e9roes, hero\u00ednas, enfermeras, m\u00e9dicos, trabajadores del Seguro Social que ayudaron a salvar vidas, que pusieron en riesgo sus vidas para salvar las vidas de otros de los dem\u00e1s, de los semejantes, de nuestros semejantes&#8221;, declar\u00f3.<\/p>\n","protected":false},"excerpt":{"rendered":"<p>El presidente Andr\u00e9s Manuel L\u00f3pez Obrador calific\u00f3 este jueves a Zo\u00e9 Robledo, titular del IMSS, como un servidor p\u00fablico excepcional, honesto y &#8220;nos sentimos muy bien representados&#8221;. En la ceremonia de la conmemoraci\u00f3n del 80 Aniversario del IMSS, el jefe del Ejecutivo federal agradeci\u00f3 a los representantes del sector obrero, a los representantes del sector [&hellip;]<\/p>\n","protected":false},"author":81,"featured_media":247155,"comment_status":"closed","ping_status":"closed","sticky":false,"template":"","format":"standard","meta":{"footnotes":""},"categories":[36],"tags":[],"class_list":["post-247154","post","type-post","status-publish","format-standard","has-post-thumbnail","hentry","category-nacion"],"_links":{"self":[{"href":"https:\/\/plazajuarez.mx\/historico\/wp-json\/wp\/v2\/posts\/247154","targetHints":{"allow":["GET"]}}],"collection":[{"href":"https:\/\/plazajuarez.mx\/historico\/wp-json\/wp\/v2\/posts"}],"about":[{"href":"https:\/\/plazajuarez.mx\/historico\/wp-json\/wp\/v2\/types\/post"}],"author":[{"embeddable":true,"href":"https:\/\/plazajuarez.mx\/historico\/wp-json\/wp\/v2\/users\/81"}],"replies":[{"embeddable":true,"href":"https:\/\/plazajuarez.mx\/historico\/wp-json\/wp\/v2\/comments?post=247154"}],"version-history":[{"count":0,"href":"https:\/\/plazajuarez.mx\/historico\/wp-json\/wp\/v2\/posts\/247154\/revisions"}],"wp:featuredmedia":[{"embeddable":true,"href":"https:\/\/plazajuarez.mx\/historico\/wp-json\/wp\/v2\/media\/247155"}],"wp:attachment":[{"href":"https:\/\/plazajuarez.mx\/historico\/wp-json\/wp\/v2\/media?parent=247154"}],"wp:term":[{"taxonomy":"category","embeddable":true,"href":"https:\/\/plazajuarez.mx\/historico\/wp-json\/wp\/v2\/categories?post=247154"},{"taxonomy":"post_tag","embeddable":true,"href":"https:\/\/plazajuarez.mx\/historico\/wp-json\/wp\/v2\/tags?post=247154"}],"curies":[{"name":"wp","href":"https:\/\/api.w.org\/{rel}","templated":true}]}}